{"id":2415,"date":"2024-06-27T11:18:36","date_gmt":"2024-06-27T08:18:36","guid":{"rendered":"https:\/\/organic-consulting.ro\/?p=2415"},"modified":"2024-06-27T11:18:37","modified_gmt":"2024-06-27T08:18:37","slug":"ultimele-noutati-despre-e-tva-ce-modificari-au-survenit-dupa-intalnirea-cu-reprezentantii-ceccar","status":"publish","type":"post","link":"https:\/\/organic-consulting.ro\/en\/ultimele-noutati-despre-e-tva-ce-modificari-au-survenit-dupa-intalnirea-cu-reprezentantii-ceccar\/","title":{"rendered":"Latest news about e-VAT: What changes occurred after the meeting with CECCAR representatives"},"content":{"rendered":"<p>The Minister of Finance, Marcel Bolo\u015f, presents the changes regarding the pre-filled VAT return, following Wednesday&#039;s working meeting with representatives of the Body of Certified Accountants and Authorized Accountants of Romania<\/p>\n\n\n\n<p>&quot;I&#039;m back with news on the topic of the pre-filled VAT return, a vital tool for combating tax evasion and collecting the amounts actually owed to the consolidated state budget.<\/p>\n\n\n\n<p>First of all, I would like to address all the accounting experts in the country, expressing my respect for your work and the essential role you play in the financial ecosystem. I thank those who have sent constructive messages on this topic, I assure you that I have carefully addressed the concerns you have raised with me.<br>Regarding communication with you, although it is obvious that we have not been able to achieve the need for consultation that the adoption of such a measure requires, at the level of the Ministry of Finance, the business environment was consulted and invited repeatedly to working sessions and was able to actively contribute to the development of the rules necessary for completing the pre-filled return and the electronic form template.<\/p>\n\n\n\n<p>However, we are committed to adapting and improving this initiative based on your needs and suggestions. That is why, yesterday, we had a working meeting with representatives of the Body of Certified Public Accountants and Authorized Accountants of Romania, in which we agreed on the following:<\/p>\n\n\n\n<p>1) Repeal of the provisions relating to the justification note regarding VAT differences provided for in art. 6 of GEO 70\/2024;<br>2) Extension of the entry into force date for VAT difference notes and replacement of the justification note for VAT differences with the compliance notification adapted to the e-VAT mode, provided for by art. 121, paragraph (1) of the Fiscal Procedure Code;<br>3) Extension of the deadline for notification of compliance for VAT differences until the 25th of the following month for the previous month;<br>4) Review of the amount of fines.<\/p>\n\n\n\n<p><strong><em>See also:<\/em><\/strong> <a href=\"https:\/\/organic-consulting.ro\/en\/ceccar-solicita-abrogarea-ordonantelor-de-urgenta\/\">CECCAR calls for the repeal of emergency ordinances<\/a><\/p>\n\n\n\n<p>Further, today, discussions with representatives of the business environment will continue at the Ministry of Finance headquarters.<\/p>\n\n\n\n<p>Also, following the messages received from you, I would like to clarify the following:<\/p>\n\n\n\n<p>\u2705 An important aspect requested by the business environment is the set of reports from ANAF&#039;s IT systems, which will allow calibration of accounting records and the preparation\/reporting of the value added tax return in accordance with the fiscal situation. Taxable persons will have at their disposal reports on the data and information from the data sources used regarding the operations carried out in the reporting month.<br>\u2705 Since until the full implementation of the national RO e-SAF-T IT system, there is not sufficient data for pre-filling the e-VAT return for persons applying the VAT system upon receipt, the deadline from which the pre-filled RO e-VAT return will be used for these persons is August 1, 2025.<br>\u2705 Precisely in order to have a period of adjustment to the rigors of the measures established, a transitional period has been provided until the beginning of next year, during which the effects of sanctioning the failure to transmit the response to the compliance notification regarding RO e-VAT differences and the implications regarding the establishment of the tax risk for taxable persons registered for VAT purposes are suspended.<\/p>\n\n\n\n<p>&quot;Thank you for your contribution and patience during this period in which we want the reduction of tax evasion through effective measures to reduce the VAT gap to no longer be just a slogan, but a problem with profound implications for the economic well-being of all Romanians and the proper functioning of the fiscal and economic system as a whole,&quot; a statement from the Minister of Finance states.<\/p>","protected":false},"excerpt":{"rendered":"<p>Ministrul Finan\u0163elor, Marcel Bolo\u015f, prezint\u0103 modific\u0103rile survenite \u00een ceea ce prive\u015fte decontul de TVA precompletat, \u00een urma \u0219edin\u021bei de lucru de miercuri cu reprezentan\u0163ii Corpului Exper\u0163ilor Contabili \u015fi Contabililor Autoriza\u0163i din Rom\u00e2nia &#8222;Revin cu nout\u0103\u021bi pe tema decontului de TVA precompletat, instrument vital pentru combaterea evaziunii fiscale \u0219i atragerea sumelor real datorate la bugetul de [&hellip;]<\/p>\n","protected":false},"author":2,"featured_media":2416,"comment_status":"open","ping_status":"open","sticky":false,"template":"","format":"standard","meta":{"footnotes":""},"categories":[40],"tags":[356,299],"class_list":["post-2415","post","type-post","status-publish","format-standard","has-post-thumbnail","hentry","category-economie","tag-e-tva","tag-marcel-bolos"],"yoast_head":"<!-- This site is optimized with the Yoast SEO plugin v27.4 - https:\/\/yoast.com\/product\/yoast-seo-wordpress\/ -->\n<title>Ultimele nout\u0103\u021bi despre e-TVA: Ce modific\u0103ri au survenit dup\u0103 \u00eent\u00e2lnirea cu reprezentan\u021bii CECCAR - Organic Consulting<\/title>\n<meta name=\"robots\" content=\"index, follow, max-snippet:-1, max-image-preview:large, max-video-preview:-1\" \/>\n<link rel=\"canonical\" href=\"https:\/\/organic-consulting.ro\/en\/ultimele-noutati-despre-e-tva-ce-modificari-au-survenit-dupa-intalnirea-cu-reprezentantii-ceccar\/\" \/>\n<meta property=\"og:locale\" content=\"en_GB\" \/>\n<meta property=\"og:type\" content=\"article\" \/>\n<meta property=\"og:title\" content=\"Ultimele nout\u0103\u021bi despre e-TVA: Ce modific\u0103ri au survenit dup\u0103 \u00eent\u00e2lnirea cu reprezentan\u021bii CECCAR - Organic Consulting\" \/>\n<meta property=\"og:description\" content=\"Ministrul Finan\u0163elor, Marcel Bolo\u015f, prezint\u0103 modific\u0103rile survenite \u00een ceea ce prive\u015fte decontul de TVA precompletat, \u00een urma \u0219edin\u021bei de lucru de miercuri cu reprezentan\u0163ii Corpului Exper\u0163ilor Contabili \u015fi Contabililor Autoriza\u0163i din Rom\u00e2nia &#8222;Revin cu nout\u0103\u021bi pe tema decontului de TVA precompletat, instrument vital pentru combaterea evaziunii fiscale \u0219i atragerea sumelor real datorate la bugetul de [&hellip;]\" \/>\n<meta property=\"og:url\" content=\"https:\/\/organic-consulting.ro\/en\/ultimele-noutati-despre-e-tva-ce-modificari-au-survenit-dupa-intalnirea-cu-reprezentantii-ceccar\/\" \/>\n<meta property=\"og:site_name\" content=\"Organic Consulting\" \/>\n<meta property=\"article:published_time\" content=\"2024-06-27T08:18:36+00:00\" \/>\n<meta property=\"article:modified_time\" content=\"2024-06-27T08:18:37+00:00\" \/>\n<meta property=\"og:image\" content=\"https:\/\/organic-consulting.ro\/wp-content\/uploads\/2024\/06\/marcel-bolos-e-tva.jpg\" \/>\n\t<meta property=\"og:image:width\" content=\"2048\" \/>\n\t<meta property=\"og:image:height\" content=\"1204\" \/>\n\t<meta property=\"og:image:type\" content=\"image\/jpeg\" \/>\n<meta name=\"author\" content=\"adminoc\" \/>\n<meta name=\"twitter:card\" content=\"summary_large_image\" \/>\n<meta name=\"twitter:label1\" content=\"Written by\" \/>\n\t<meta name=\"twitter:data1\" content=\"adminoc\" \/>\n\t<meta name=\"twitter:label2\" content=\"Estimated reading time\" \/>\n\t<meta name=\"twitter:data2\" content=\"4 minutes\" \/>\n<script type=\"application\/ld+json\" class=\"yoast-schema-graph\">{\"@context\":\"https:\\\/\\\/schema.org\",\"@graph\":[{\"@type\":\"Article\",\"@id\":\"https:\\\/\\\/organic-consulting.ro\\\/ultimele-noutati-despre-e-tva-ce-modificari-au-survenit-dupa-intalnirea-cu-reprezentantii-ceccar\\\/#article\",\"isPartOf\":{\"@id\":\"https:\\\/\\\/organic-consulting.ro\\\/ultimele-noutati-despre-e-tva-ce-modificari-au-survenit-dupa-intalnirea-cu-reprezentantii-ceccar\\\/\"},\"author\":{\"name\":\"adminoc\",\"@id\":\"https:\\\/\\\/organic-consulting.ro\\\/#\\\/schema\\\/person\\\/ee7e0dff87f15e1d054674508cdf9e23\"},\"headline\":\"Ultimele nout\u0103\u021bi despre e-TVA: Ce modific\u0103ri au survenit dup\u0103 \u00eent\u00e2lnirea cu reprezentan\u021bii CECCAR\",\"datePublished\":\"2024-06-27T08:18:36+00:00\",\"dateModified\":\"2024-06-27T08:18:37+00:00\",\"mainEntityOfPage\":{\"@id\":\"https:\\\/\\\/organic-consulting.ro\\\/ultimele-noutati-despre-e-tva-ce-modificari-au-survenit-dupa-intalnirea-cu-reprezentantii-ceccar\\\/\"},\"wordCount\":650,\"commentCount\":0,\"publisher\":{\"@id\":\"https:\\\/\\\/organic-consulting.ro\\\/#organization\"},\"image\":{\"@id\":\"https:\\\/\\\/organic-consulting.ro\\\/ultimele-noutati-despre-e-tva-ce-modificari-au-survenit-dupa-intalnirea-cu-reprezentantii-ceccar\\\/#primaryimage\"},\"thumbnailUrl\":\"https:\\\/\\\/organic-consulting.ro\\\/wp-content\\\/uploads\\\/2024\\\/06\\\/marcel-bolos-e-tva.jpg\",\"keywords\":[\"e-tva\",\"Marcel Bolo\u0219\"],\"articleSection\":[\"Economie\"],\"inLanguage\":\"en-GB\",\"potentialAction\":[{\"@type\":\"CommentAction\",\"name\":\"Comment\",\"target\":[\"https:\\\/\\\/organic-consulting.ro\\\/ultimele-noutati-despre-e-tva-ce-modificari-au-survenit-dupa-intalnirea-cu-reprezentantii-ceccar\\\/#respond\"]}]},{\"@type\":\"WebPage\",\"@id\":\"https:\\\/\\\/organic-consulting.ro\\\/ultimele-noutati-despre-e-tva-ce-modificari-au-survenit-dupa-intalnirea-cu-reprezentantii-ceccar\\\/\",\"url\":\"https:\\\/\\\/organic-consulting.ro\\\/ultimele-noutati-despre-e-tva-ce-modificari-au-survenit-dupa-intalnirea-cu-reprezentantii-ceccar\\\/\",\"name\":\"Ultimele nout\u0103\u021bi despre e-TVA: Ce modific\u0103ri au survenit dup\u0103 \u00eent\u00e2lnirea cu reprezentan\u021bii CECCAR - Organic Consulting\",\"isPartOf\":{\"@id\":\"https:\\\/\\\/organic-consulting.ro\\\/#website\"},\"primaryImageOfPage\":{\"@id\":\"https:\\\/\\\/organic-consulting.ro\\\/ultimele-noutati-despre-e-tva-ce-modificari-au-survenit-dupa-intalnirea-cu-reprezentantii-ceccar\\\/#primaryimage\"},\"image\":{\"@id\":\"https:\\\/\\\/organic-consulting.ro\\\/ultimele-noutati-despre-e-tva-ce-modificari-au-survenit-dupa-intalnirea-cu-reprezentantii-ceccar\\\/#primaryimage\"},\"thumbnailUrl\":\"https:\\\/\\\/organic-consulting.ro\\\/wp-content\\\/uploads\\\/2024\\\/06\\\/marcel-bolos-e-tva.jpg\",\"datePublished\":\"2024-06-27T08:18:36+00:00\",\"dateModified\":\"2024-06-27T08:18:37+00:00\",\"breadcrumb\":{\"@id\":\"https:\\\/\\\/organic-consulting.ro\\\/ultimele-noutati-despre-e-tva-ce-modificari-au-survenit-dupa-intalnirea-cu-reprezentantii-ceccar\\\/#breadcrumb\"},\"inLanguage\":\"en-GB\",\"potentialAction\":[{\"@type\":\"ReadAction\",\"target\":[\"https:\\\/\\\/organic-consulting.ro\\\/ultimele-noutati-despre-e-tva-ce-modificari-au-survenit-dupa-intalnirea-cu-reprezentantii-ceccar\\\/\"]}]},{\"@type\":\"ImageObject\",\"inLanguage\":\"en-GB\",\"@id\":\"https:\\\/\\\/organic-consulting.ro\\\/ultimele-noutati-despre-e-tva-ce-modificari-au-survenit-dupa-intalnirea-cu-reprezentantii-ceccar\\\/#primaryimage\",\"url\":\"https:\\\/\\\/organic-consulting.ro\\\/wp-content\\\/uploads\\\/2024\\\/06\\\/marcel-bolos-e-tva.jpg\",\"contentUrl\":\"https:\\\/\\\/organic-consulting.ro\\\/wp-content\\\/uploads\\\/2024\\\/06\\\/marcel-bolos-e-tva.jpg\",\"width\":2048,\"height\":1204,\"caption\":\"Facebook\\\/Marcel Bolo\u0219\"},{\"@type\":\"BreadcrumbList\",\"@id\":\"https:\\\/\\\/organic-consulting.ro\\\/ultimele-noutati-despre-e-tva-ce-modificari-au-survenit-dupa-intalnirea-cu-reprezentantii-ceccar\\\/#breadcrumb\",\"itemListElement\":[{\"@type\":\"ListItem\",\"position\":1,\"name\":\"Prima pagin\u0103\",\"item\":\"https:\\\/\\\/organic-consulting.ro\\\/\"},{\"@type\":\"ListItem\",\"position\":2,\"name\":\"Ultimele nout\u0103\u021bi despre e-TVA: Ce modific\u0103ri au survenit dup\u0103 \u00eent\u00e2lnirea cu reprezentan\u021bii CECCAR\"}]},{\"@type\":\"WebSite\",\"@id\":\"https:\\\/\\\/organic-consulting.ro\\\/#website\",\"url\":\"https:\\\/\\\/organic-consulting.ro\\\/\",\"name\":\"Organic Consulting\",\"description\":\"Servicii consultan\u021b\u0103 juridic\u0103 \u0219i financiar\u0103\",\"publisher\":{\"@id\":\"https:\\\/\\\/organic-consulting.ro\\\/#organization\"},\"potentialAction\":[{\"@type\":\"SearchAction\",\"target\":{\"@type\":\"EntryPoint\",\"urlTemplate\":\"https:\\\/\\\/organic-consulting.ro\\\/?s={search_term_string}\"},\"query-input\":{\"@type\":\"PropertyValueSpecification\",\"valueRequired\":true,\"valueName\":\"search_term_string\"}}],\"inLanguage\":\"en-GB\"},{\"@type\":\"Organization\",\"@id\":\"https:\\\/\\\/organic-consulting.ro\\\/#organization\",\"name\":\"Organic Consulting SRL\",\"url\":\"https:\\\/\\\/organic-consulting.ro\\\/\",\"logo\":{\"@type\":\"ImageObject\",\"inLanguage\":\"en-GB\",\"@id\":\"https:\\\/\\\/organic-consulting.ro\\\/#\\\/schema\\\/logo\\\/image\\\/\",\"url\":\"https:\\\/\\\/organic-consulting.ro\\\/wp-content\\\/uploads\\\/2022\\\/05\\\/Organic-Consulting-logo-NEGRU.png\",\"contentUrl\":\"https:\\\/\\\/organic-consulting.ro\\\/wp-content\\\/uploads\\\/2022\\\/05\\\/Organic-Consulting-logo-NEGRU.png\",\"width\":1131,\"height\":376,\"caption\":\"Organic Consulting SRL\"},\"image\":{\"@id\":\"https:\\\/\\\/organic-consulting.ro\\\/#\\\/schema\\\/logo\\\/image\\\/\"}},{\"@type\":\"Person\",\"@id\":\"https:\\\/\\\/organic-consulting.ro\\\/#\\\/schema\\\/person\\\/ee7e0dff87f15e1d054674508cdf9e23\",\"name\":\"adminoc\",\"image\":{\"@type\":\"ImageObject\",\"inLanguage\":\"en-GB\",\"@id\":\"https:\\\/\\\/secure.gravatar.com\\\/avatar\\\/6371a4bebabd3421456d7cb9ef97a962dee8b95b53a2ca7c27feaf353882d2dd?s=96&d=mm&r=g\",\"url\":\"https:\\\/\\\/secure.gravatar.com\\\/avatar\\\/6371a4bebabd3421456d7cb9ef97a962dee8b95b53a2ca7c27feaf353882d2dd?s=96&d=mm&r=g\",\"contentUrl\":\"https:\\\/\\\/secure.gravatar.com\\\/avatar\\\/6371a4bebabd3421456d7cb9ef97a962dee8b95b53a2ca7c27feaf353882d2dd?s=96&d=mm&r=g\",\"caption\":\"adminoc\"}}]}<\/script>\n<!-- \/ Yoast SEO plugin. -->","yoast_head_json":{"title":"Ultimele nout\u0103\u021bi despre e-TVA: Ce modific\u0103ri au survenit dup\u0103 \u00eent\u00e2lnirea cu reprezentan\u021bii CECCAR - Organic Consulting","robots":{"index":"index","follow":"follow","max-snippet":"max-snippet:-1","max-image-preview":"max-image-preview:large","max-video-preview":"max-video-preview:-1"},"canonical":"https:\/\/organic-consulting.ro\/en\/ultimele-noutati-despre-e-tva-ce-modificari-au-survenit-dupa-intalnirea-cu-reprezentantii-ceccar\/","og_locale":"en_GB","og_type":"article","og_title":"Ultimele nout\u0103\u021bi despre e-TVA: Ce modific\u0103ri au survenit dup\u0103 \u00eent\u00e2lnirea cu reprezentan\u021bii CECCAR - Organic Consulting","og_description":"Ministrul Finan\u0163elor, Marcel Bolo\u015f, prezint\u0103 modific\u0103rile survenite \u00een ceea ce prive\u015fte decontul de TVA precompletat, \u00een urma \u0219edin\u021bei de lucru de miercuri cu reprezentan\u0163ii Corpului Exper\u0163ilor Contabili \u015fi Contabililor Autoriza\u0163i din Rom\u00e2nia &#8222;Revin cu nout\u0103\u021bi pe tema decontului de TVA precompletat, instrument vital pentru combaterea evaziunii fiscale \u0219i atragerea sumelor real datorate la bugetul de [&hellip;]","og_url":"https:\/\/organic-consulting.ro\/en\/ultimele-noutati-despre-e-tva-ce-modificari-au-survenit-dupa-intalnirea-cu-reprezentantii-ceccar\/","og_site_name":"Organic Consulting","article_published_time":"2024-06-27T08:18:36+00:00","article_modified_time":"2024-06-27T08:18:37+00:00","og_image":[{"width":2048,"height":1204,"url":"https:\/\/organic-consulting.ro\/wp-content\/uploads\/2024\/06\/marcel-bolos-e-tva.jpg","type":"image\/jpeg"}],"author":"adminoc","twitter_card":"summary_large_image","twitter_misc":{"Written by":"adminoc","Estimated reading time":"4 minutes"},"schema":{"@context":"https:\/\/schema.org","@graph":[{"@type":"Article","@id":"https:\/\/organic-consulting.ro\/ultimele-noutati-despre-e-tva-ce-modificari-au-survenit-dupa-intalnirea-cu-reprezentantii-ceccar\/#article","isPartOf":{"@id":"https:\/\/organic-consulting.ro\/ultimele-noutati-despre-e-tva-ce-modificari-au-survenit-dupa-intalnirea-cu-reprezentantii-ceccar\/"},"author":{"name":"adminoc","@id":"https:\/\/organic-consulting.ro\/#\/schema\/person\/ee7e0dff87f15e1d054674508cdf9e23"},"headline":"Ultimele nout\u0103\u021bi despre e-TVA: Ce modific\u0103ri au survenit dup\u0103 \u00eent\u00e2lnirea cu reprezentan\u021bii CECCAR","datePublished":"2024-06-27T08:18:36+00:00","dateModified":"2024-06-27T08:18:37+00:00","mainEntityOfPage":{"@id":"https:\/\/organic-consulting.ro\/ultimele-noutati-despre-e-tva-ce-modificari-au-survenit-dupa-intalnirea-cu-reprezentantii-ceccar\/"},"wordCount":650,"commentCount":0,"publisher":{"@id":"https:\/\/organic-consulting.ro\/#organization"},"image":{"@id":"https:\/\/organic-consulting.ro\/ultimele-noutati-despre-e-tva-ce-modificari-au-survenit-dupa-intalnirea-cu-reprezentantii-ceccar\/#primaryimage"},"thumbnailUrl":"https:\/\/organic-consulting.ro\/wp-content\/uploads\/2024\/06\/marcel-bolos-e-tva.jpg","keywords":["e-tva","Marcel Bolo\u0219"],"articleSection":["Economie"],"inLanguage":"en-GB","potentialAction":[{"@type":"CommentAction","name":"Comment","target":["https:\/\/organic-consulting.ro\/ultimele-noutati-despre-e-tva-ce-modificari-au-survenit-dupa-intalnirea-cu-reprezentantii-ceccar\/#respond"]}]},{"@type":"WebPage","@id":"https:\/\/organic-consulting.ro\/ultimele-noutati-despre-e-tva-ce-modificari-au-survenit-dupa-intalnirea-cu-reprezentantii-ceccar\/","url":"https:\/\/organic-consulting.ro\/ultimele-noutati-despre-e-tva-ce-modificari-au-survenit-dupa-intalnirea-cu-reprezentantii-ceccar\/","name":"Ultimele nout\u0103\u021bi despre e-TVA: Ce modific\u0103ri au survenit dup\u0103 \u00eent\u00e2lnirea cu reprezentan\u021bii CECCAR - Organic Consulting","isPartOf":{"@id":"https:\/\/organic-consulting.ro\/#website"},"primaryImageOfPage":{"@id":"https:\/\/organic-consulting.ro\/ultimele-noutati-despre-e-tva-ce-modificari-au-survenit-dupa-intalnirea-cu-reprezentantii-ceccar\/#primaryimage"},"image":{"@id":"https:\/\/organic-consulting.ro\/ultimele-noutati-despre-e-tva-ce-modificari-au-survenit-dupa-intalnirea-cu-reprezentantii-ceccar\/#primaryimage"},"thumbnailUrl":"https:\/\/organic-consulting.ro\/wp-content\/uploads\/2024\/06\/marcel-bolos-e-tva.jpg","datePublished":"2024-06-27T08:18:36+00:00","dateModified":"2024-06-27T08:18:37+00:00","breadcrumb":{"@id":"https:\/\/organic-consulting.ro\/ultimele-noutati-despre-e-tva-ce-modificari-au-survenit-dupa-intalnirea-cu-reprezentantii-ceccar\/#breadcrumb"},"inLanguage":"en-GB","potentialAction":[{"@type":"ReadAction","target":["https:\/\/organic-consulting.ro\/ultimele-noutati-despre-e-tva-ce-modificari-au-survenit-dupa-intalnirea-cu-reprezentantii-ceccar\/"]}]},{"@type":"ImageObject","inLanguage":"en-GB","@id":"https:\/\/organic-consulting.ro\/ultimele-noutati-despre-e-tva-ce-modificari-au-survenit-dupa-intalnirea-cu-reprezentantii-ceccar\/#primaryimage","url":"https:\/\/organic-consulting.ro\/wp-content\/uploads\/2024\/06\/marcel-bolos-e-tva.jpg","contentUrl":"https:\/\/organic-consulting.ro\/wp-content\/uploads\/2024\/06\/marcel-bolos-e-tva.jpg","width":2048,"height":1204,"caption":"Facebook\/Marcel Bolo\u0219"},{"@type":"BreadcrumbList","@id":"https:\/\/organic-consulting.ro\/ultimele-noutati-despre-e-tva-ce-modificari-au-survenit-dupa-intalnirea-cu-reprezentantii-ceccar\/#breadcrumb","itemListElement":[{"@type":"ListItem","position":1,"name":"Prima pagin\u0103","item":"https:\/\/organic-consulting.ro\/"},{"@type":"ListItem","position":2,"name":"Ultimele nout\u0103\u021bi despre e-TVA: Ce modific\u0103ri au survenit dup\u0103 \u00eent\u00e2lnirea cu reprezentan\u021bii CECCAR"}]},{"@type":"WebSite","@id":"https:\/\/organic-consulting.ro\/#website","url":"https:\/\/organic-consulting.ro\/","name":"Organic Consulting","description":"Servicii consultan\u021b\u0103 juridic\u0103 \u0219i financiar\u0103","publisher":{"@id":"https:\/\/organic-consulting.ro\/#organization"},"potentialAction":[{"@type":"SearchAction","target":{"@type":"EntryPoint","urlTemplate":"https:\/\/organic-consulting.ro\/?s={search_term_string}"},"query-input":{"@type":"PropertyValueSpecification","valueRequired":true,"valueName":"search_term_string"}}],"inLanguage":"en-GB"},{"@type":"Organization","@id":"https:\/\/organic-consulting.ro\/#organization","name":"Organic Consulting SRL","url":"https:\/\/organic-consulting.ro\/","logo":{"@type":"ImageObject","inLanguage":"en-GB","@id":"https:\/\/organic-consulting.ro\/#\/schema\/logo\/image\/","url":"https:\/\/organic-consulting.ro\/wp-content\/uploads\/2022\/05\/Organic-Consulting-logo-NEGRU.png","contentUrl":"https:\/\/organic-consulting.ro\/wp-content\/uploads\/2022\/05\/Organic-Consulting-logo-NEGRU.png","width":1131,"height":376,"caption":"Organic Consulting SRL"},"image":{"@id":"https:\/\/organic-consulting.ro\/#\/schema\/logo\/image\/"}},{"@type":"Person","@id":"https:\/\/organic-consulting.ro\/#\/schema\/person\/ee7e0dff87f15e1d054674508cdf9e23","name":"adminoc","image":{"@type":"ImageObject","inLanguage":"en-GB","@id":"https:\/\/secure.gravatar.com\/avatar\/6371a4bebabd3421456d7cb9ef97a962dee8b95b53a2ca7c27feaf353882d2dd?s=96&d=mm&r=g","url":"https:\/\/secure.gravatar.com\/avatar\/6371a4bebabd3421456d7cb9ef97a962dee8b95b53a2ca7c27feaf353882d2dd?s=96&d=mm&r=g","contentUrl":"https:\/\/secure.gravatar.com\/avatar\/6371a4bebabd3421456d7cb9ef97a962dee8b95b53a2ca7c27feaf353882d2dd?s=96&d=mm&r=g","caption":"adminoc"}}]}},"_links":{"self":[{"href":"https:\/\/organic-consulting.ro\/en\/wp-json\/wp\/v2\/posts\/2415","targetHints":{"allow":["GET"]}}],"collection":[{"href":"https:\/\/organic-consulting.ro\/en\/wp-json\/wp\/v2\/posts"}],"about":[{"href":"https:\/\/organic-consulting.ro\/en\/wp-json\/wp\/v2\/types\/post"}],"author":[{"embeddable":true,"href":"https:\/\/organic-consulting.ro\/en\/wp-json\/wp\/v2\/users\/2"}],"replies":[{"embeddable":true,"href":"https:\/\/organic-consulting.ro\/en\/wp-json\/wp\/v2\/comments?post=2415"}],"version-history":[{"count":0,"href":"https:\/\/organic-consulting.ro\/en\/wp-json\/wp\/v2\/posts\/2415\/revisions"}],"wp:featuredmedia":[{"embeddable":true,"href":"https:\/\/organic-consulting.ro\/en\/wp-json\/wp\/v2\/media\/2416"}],"wp:attachment":[{"href":"https:\/\/organic-consulting.ro\/en\/wp-json\/wp\/v2\/media?parent=2415"}],"wp:term":[{"taxonomy":"category","embeddable":true,"href":"https:\/\/organic-consulting.ro\/en\/wp-json\/wp\/v2\/categories?post=2415"},{"taxonomy":"post_tag","embeddable":true,"href":"https:\/\/organic-consulting.ro\/en\/wp-json\/wp\/v2\/tags?post=2415"}],"curies":[{"name":"wp","href":"https:\/\/api.w.org\/{rel}","templated":true}]}}