{"id":2333,"date":"2024-04-02T14:59:50","date_gmt":"2024-04-02T11:59:50","guid":{"rendered":"https:\/\/organic-consulting.ro\/?p=2333"},"modified":"2024-04-02T14:59:50","modified_gmt":"2024-04-02T11:59:50","slug":"psd-asigura-ca-salariul-minim-european-va-fi-introdus-in-acest-an-in-romania","status":"publish","type":"post","link":"https:\/\/organic-consulting.ro\/en\/psd-asigura-ca-salariul-minim-european-va-fi-introdus-in-acest-an-in-romania\/","title":{"rendered":"PSD assures that the European minimum wage will be introduced in Romania this year"},"content":{"rendered":"<p>PSD assumes as a major political objective the implementation of the European minimum wage in Romania, by the end of 2024.<\/p>\n\n\n\n<p>In this regard, PSD is already working on the development of a regulatory proposal for the transposition into national legislation of the European Directive on adequate minimum wages in the European Union. The proposal will be carried out in collaboration with the Minister of Labor Simona Bucura-Oprescu.<\/p>\n\n\n\n<p>&quot;PSD believes that an automatic mechanism must be defined for the annual increase of the minimum wage in Romania, in a predictable manner, which would guarantee the increase in the standard of living and purchasing power for all employees in Romania,&quot; a PSD statement said.<\/p>\n\n\n\n<p>The increase in the minimum wage to 3,700 lei, announced by Prime Minister Marcel Ciolacu for July 1, 2024, will raise wage incomes to the appropriate level for the introduction of the automatic wage increase mechanism, according to the provisions of the European Directive.<\/p>","protected":false},"excerpt":{"rendered":"<p>PSD \u00ee\u0219i asum\u0103 ca obiectiv politic major implementarea salariului minim european \u00een Rom\u00e2nia, p\u00e2n\u0103 la finalul anului 2024. \u00cen acest sens, PSD lucreaz\u0103 deja la elaborarea unei propuneri de reglementare, pentru transpunerea \u00een legisla\u021bia na\u021bional\u0103 a Directivei europene privind salariile minime adecvate \u00een Uniunea European\u0103. Propunerea va fi realizat\u0103 \u00een colaborare cu ministrul Muncii Simona [&hellip;]<\/p>\n","protected":false},"author":2,"featured_media":2334,"comment_status":"open","ping_status":"open","sticky":false,"template":"","format":"standard","meta":{"footnotes":""},"categories":[40],"tags":[338,339],"class_list":["post-2333","post","type-post","status-publish","format-standard","has-post-thumbnail","hentry","category-economie","tag-psd","tag-salariu-minim-european"],"yoast_head":"<!-- This site is optimized with the Yoast SEO plugin v27.4 - https:\/\/yoast.com\/product\/yoast-seo-wordpress\/ -->\n<title>PSD asigur\u0103 c\u0103 salariul minim european va fi introdus \u00een acest an \u00een Rom\u00e2nia - Organic Consulting<\/title>\n<meta name=\"robots\" content=\"index, follow, max-snippet:-1, max-image-preview:large, max-video-preview:-1\" \/>\n<link rel=\"canonical\" href=\"https:\/\/organic-consulting.ro\/en\/psd-asigura-ca-salariul-minim-european-va-fi-introdus-in-acest-an-in-romania\/\" \/>\n<meta property=\"og:locale\" content=\"en_GB\" \/>\n<meta property=\"og:type\" content=\"article\" \/>\n<meta property=\"og:title\" content=\"PSD asigur\u0103 c\u0103 salariul minim european va fi introdus \u00een acest an \u00een Rom\u00e2nia - Organic Consulting\" \/>\n<meta property=\"og:description\" content=\"PSD \u00ee\u0219i asum\u0103 ca obiectiv politic major implementarea salariului minim european \u00een Rom\u00e2nia, p\u00e2n\u0103 la finalul anului 2024. \u00cen acest sens, PSD lucreaz\u0103 deja la elaborarea unei propuneri de reglementare, pentru transpunerea \u00een legisla\u021bia na\u021bional\u0103 a Directivei europene privind salariile minime adecvate \u00een Uniunea European\u0103. Propunerea va fi realizat\u0103 \u00een colaborare cu ministrul Muncii Simona [&hellip;]\" \/>\n<meta property=\"og:url\" content=\"https:\/\/organic-consulting.ro\/en\/psd-asigura-ca-salariul-minim-european-va-fi-introdus-in-acest-an-in-romania\/\" \/>\n<meta property=\"og:site_name\" content=\"Organic Consulting\" \/>\n<meta property=\"article:published_time\" content=\"2024-04-02T11:59:50+00:00\" \/>\n<meta property=\"og:image\" content=\"https:\/\/organic-consulting.ro\/wp-content\/uploads\/2024\/04\/euros-427528_1280.jpg\" \/>\n\t<meta property=\"og:image:width\" content=\"1280\" \/>\n\t<meta property=\"og:image:height\" content=\"853\" \/>\n\t<meta property=\"og:image:type\" content=\"image\/jpeg\" \/>\n<meta name=\"author\" content=\"adminoc\" \/>\n<meta name=\"twitter:card\" content=\"summary_large_image\" \/>\n<meta name=\"twitter:label1\" content=\"Written by\" \/>\n\t<meta name=\"twitter:data1\" content=\"adminoc\" \/>\n\t<meta name=\"twitter:label2\" content=\"Estimated reading time\" \/>\n\t<meta name=\"twitter:data2\" content=\"1 minute\" \/>\n<script type=\"application\/ld+json\" class=\"yoast-schema-graph\">{\"@context\":\"https:\\\/\\\/schema.org\",\"@graph\":[{\"@type\":\"Article\",\"@id\":\"https:\\\/\\\/organic-consulting.ro\\\/psd-asigura-ca-salariul-minim-european-va-fi-introdus-in-acest-an-in-romania\\\/#article\",\"isPartOf\":{\"@id\":\"https:\\\/\\\/organic-consulting.ro\\\/psd-asigura-ca-salariul-minim-european-va-fi-introdus-in-acest-an-in-romania\\\/\"},\"author\":{\"name\":\"adminoc\",\"@id\":\"https:\\\/\\\/organic-consulting.ro\\\/#\\\/schema\\\/person\\\/ee7e0dff87f15e1d054674508cdf9e23\"},\"headline\":\"PSD asigur\u0103 c\u0103 salariul minim european va fi introdus \u00een acest an \u00een Rom\u00e2nia\",\"datePublished\":\"2024-04-02T11:59:50+00:00\",\"mainEntityOfPage\":{\"@id\":\"https:\\\/\\\/organic-consulting.ro\\\/psd-asigura-ca-salariul-minim-european-va-fi-introdus-in-acest-an-in-romania\\\/\"},\"wordCount\":160,\"commentCount\":0,\"publisher\":{\"@id\":\"https:\\\/\\\/organic-consulting.ro\\\/#organization\"},\"image\":{\"@id\":\"https:\\\/\\\/organic-consulting.ro\\\/psd-asigura-ca-salariul-minim-european-va-fi-introdus-in-acest-an-in-romania\\\/#primaryimage\"},\"thumbnailUrl\":\"https:\\\/\\\/organic-consulting.ro\\\/wp-content\\\/uploads\\\/2024\\\/04\\\/euros-427528_1280.jpg\",\"keywords\":[\"PSD\",\"salariu minim european\"],\"articleSection\":[\"Economie\"],\"inLanguage\":\"en-GB\",\"potentialAction\":[{\"@type\":\"CommentAction\",\"name\":\"Comment\",\"target\":[\"https:\\\/\\\/organic-consulting.ro\\\/psd-asigura-ca-salariul-minim-european-va-fi-introdus-in-acest-an-in-romania\\\/#respond\"]}]},{\"@type\":\"WebPage\",\"@id\":\"https:\\\/\\\/organic-consulting.ro\\\/psd-asigura-ca-salariul-minim-european-va-fi-introdus-in-acest-an-in-romania\\\/\",\"url\":\"https:\\\/\\\/organic-consulting.ro\\\/psd-asigura-ca-salariul-minim-european-va-fi-introdus-in-acest-an-in-romania\\\/\",\"name\":\"PSD asigur\u0103 c\u0103 salariul minim european va fi introdus \u00een acest an \u00een Rom\u00e2nia - Organic Consulting\",\"isPartOf\":{\"@id\":\"https:\\\/\\\/organic-consulting.ro\\\/#website\"},\"primaryImageOfPage\":{\"@id\":\"https:\\\/\\\/organic-consulting.ro\\\/psd-asigura-ca-salariul-minim-european-va-fi-introdus-in-acest-an-in-romania\\\/#primaryimage\"},\"image\":{\"@id\":\"https:\\\/\\\/organic-consulting.ro\\\/psd-asigura-ca-salariul-minim-european-va-fi-introdus-in-acest-an-in-romania\\\/#primaryimage\"},\"thumbnailUrl\":\"https:\\\/\\\/organic-consulting.ro\\\/wp-content\\\/uploads\\\/2024\\\/04\\\/euros-427528_1280.jpg\",\"datePublished\":\"2024-04-02T11:59:50+00:00\",\"breadcrumb\":{\"@id\":\"https:\\\/\\\/organic-consulting.ro\\\/psd-asigura-ca-salariul-minim-european-va-fi-introdus-in-acest-an-in-romania\\\/#breadcrumb\"},\"inLanguage\":\"en-GB\",\"potentialAction\":[{\"@type\":\"ReadAction\",\"target\":[\"https:\\\/\\\/organic-consulting.ro\\\/psd-asigura-ca-salariul-minim-european-va-fi-introdus-in-acest-an-in-romania\\\/\"]}]},{\"@type\":\"ImageObject\",\"inLanguage\":\"en-GB\",\"@id\":\"https:\\\/\\\/organic-consulting.ro\\\/psd-asigura-ca-salariul-minim-european-va-fi-introdus-in-acest-an-in-romania\\\/#primaryimage\",\"url\":\"https:\\\/\\\/organic-consulting.ro\\\/wp-content\\\/uploads\\\/2024\\\/04\\\/euros-427528_1280.jpg\",\"contentUrl\":\"https:\\\/\\\/organic-consulting.ro\\\/wp-content\\\/uploads\\\/2024\\\/04\\\/euros-427528_1280.jpg\",\"width\":1280,\"height\":853,\"caption\":\"pixabay.com\"},{\"@type\":\"BreadcrumbList\",\"@id\":\"https:\\\/\\\/organic-consulting.ro\\\/psd-asigura-ca-salariul-minim-european-va-fi-introdus-in-acest-an-in-romania\\\/#breadcrumb\",\"itemListElement\":[{\"@type\":\"ListItem\",\"position\":1,\"name\":\"Prima pagin\u0103\",\"item\":\"https:\\\/\\\/organic-consulting.ro\\\/\"},{\"@type\":\"ListItem\",\"position\":2,\"name\":\"PSD asigur\u0103 c\u0103 salariul minim european va fi introdus \u00een acest an \u00een Rom\u00e2nia\"}]},{\"@type\":\"WebSite\",\"@id\":\"https:\\\/\\\/organic-consulting.ro\\\/#website\",\"url\":\"https:\\\/\\\/organic-consulting.ro\\\/\",\"name\":\"Organic Consulting\",\"description\":\"Servicii consultan\u021b\u0103 juridic\u0103 \u0219i financiar\u0103\",\"publisher\":{\"@id\":\"https:\\\/\\\/organic-consulting.ro\\\/#organization\"},\"potentialAction\":[{\"@type\":\"SearchAction\",\"target\":{\"@type\":\"EntryPoint\",\"urlTemplate\":\"https:\\\/\\\/organic-consulting.ro\\\/?s={search_term_string}\"},\"query-input\":{\"@type\":\"PropertyValueSpecification\",\"valueRequired\":true,\"valueName\":\"search_term_string\"}}],\"inLanguage\":\"en-GB\"},{\"@type\":\"Organization\",\"@id\":\"https:\\\/\\\/organic-consulting.ro\\\/#organization\",\"name\":\"Organic Consulting SRL\",\"url\":\"https:\\\/\\\/organic-consulting.ro\\\/\",\"logo\":{\"@type\":\"ImageObject\",\"inLanguage\":\"en-GB\",\"@id\":\"https:\\\/\\\/organic-consulting.ro\\\/#\\\/schema\\\/logo\\\/image\\\/\",\"url\":\"https:\\\/\\\/organic-consulting.ro\\\/wp-content\\\/uploads\\\/2022\\\/05\\\/Organic-Consulting-logo-NEGRU.png\",\"contentUrl\":\"https:\\\/\\\/organic-consulting.ro\\\/wp-content\\\/uploads\\\/2022\\\/05\\\/Organic-Consulting-logo-NEGRU.png\",\"width\":1131,\"height\":376,\"caption\":\"Organic Consulting SRL\"},\"image\":{\"@id\":\"https:\\\/\\\/organic-consulting.ro\\\/#\\\/schema\\\/logo\\\/image\\\/\"}},{\"@type\":\"Person\",\"@id\":\"https:\\\/\\\/organic-consulting.ro\\\/#\\\/schema\\\/person\\\/ee7e0dff87f15e1d054674508cdf9e23\",\"name\":\"adminoc\",\"image\":{\"@type\":\"ImageObject\",\"inLanguage\":\"en-GB\",\"@id\":\"https:\\\/\\\/secure.gravatar.com\\\/avatar\\\/6371a4bebabd3421456d7cb9ef97a962dee8b95b53a2ca7c27feaf353882d2dd?s=96&d=mm&r=g\",\"url\":\"https:\\\/\\\/secure.gravatar.com\\\/avatar\\\/6371a4bebabd3421456d7cb9ef97a962dee8b95b53a2ca7c27feaf353882d2dd?s=96&d=mm&r=g\",\"contentUrl\":\"https:\\\/\\\/secure.gravatar.com\\\/avatar\\\/6371a4bebabd3421456d7cb9ef97a962dee8b95b53a2ca7c27feaf353882d2dd?s=96&d=mm&r=g\",\"caption\":\"adminoc\"}}]}<\/script>\n<!-- \/ Yoast SEO plugin. -->","yoast_head_json":{"title":"PSD asigur\u0103 c\u0103 salariul minim european va fi introdus \u00een acest an \u00een Rom\u00e2nia - Organic Consulting","robots":{"index":"index","follow":"follow","max-snippet":"max-snippet:-1","max-image-preview":"max-image-preview:large","max-video-preview":"max-video-preview:-1"},"canonical":"https:\/\/organic-consulting.ro\/en\/psd-asigura-ca-salariul-minim-european-va-fi-introdus-in-acest-an-in-romania\/","og_locale":"en_GB","og_type":"article","og_title":"PSD asigur\u0103 c\u0103 salariul minim european va fi introdus \u00een acest an \u00een Rom\u00e2nia - Organic Consulting","og_description":"PSD \u00ee\u0219i asum\u0103 ca obiectiv politic major implementarea salariului minim european \u00een Rom\u00e2nia, p\u00e2n\u0103 la finalul anului 2024. \u00cen acest sens, PSD lucreaz\u0103 deja la elaborarea unei propuneri de reglementare, pentru transpunerea \u00een legisla\u021bia na\u021bional\u0103 a Directivei europene privind salariile minime adecvate \u00een Uniunea European\u0103. Propunerea va fi realizat\u0103 \u00een colaborare cu ministrul Muncii Simona [&hellip;]","og_url":"https:\/\/organic-consulting.ro\/en\/psd-asigura-ca-salariul-minim-european-va-fi-introdus-in-acest-an-in-romania\/","og_site_name":"Organic Consulting","article_published_time":"2024-04-02T11:59:50+00:00","og_image":[{"width":1280,"height":853,"url":"https:\/\/organic-consulting.ro\/wp-content\/uploads\/2024\/04\/euros-427528_1280.jpg","type":"image\/jpeg"}],"author":"adminoc","twitter_card":"summary_large_image","twitter_misc":{"Written by":"adminoc","Estimated reading time":"1 minute"},"schema":{"@context":"https:\/\/schema.org","@graph":[{"@type":"Article","@id":"https:\/\/organic-consulting.ro\/psd-asigura-ca-salariul-minim-european-va-fi-introdus-in-acest-an-in-romania\/#article","isPartOf":{"@id":"https:\/\/organic-consulting.ro\/psd-asigura-ca-salariul-minim-european-va-fi-introdus-in-acest-an-in-romania\/"},"author":{"name":"adminoc","@id":"https:\/\/organic-consulting.ro\/#\/schema\/person\/ee7e0dff87f15e1d054674508cdf9e23"},"headline":"PSD asigur\u0103 c\u0103 salariul minim european va fi introdus \u00een acest an \u00een Rom\u00e2nia","datePublished":"2024-04-02T11:59:50+00:00","mainEntityOfPage":{"@id":"https:\/\/organic-consulting.ro\/psd-asigura-ca-salariul-minim-european-va-fi-introdus-in-acest-an-in-romania\/"},"wordCount":160,"commentCount":0,"publisher":{"@id":"https:\/\/organic-consulting.ro\/#organization"},"image":{"@id":"https:\/\/organic-consulting.ro\/psd-asigura-ca-salariul-minim-european-va-fi-introdus-in-acest-an-in-romania\/#primaryimage"},"thumbnailUrl":"https:\/\/organic-consulting.ro\/wp-content\/uploads\/2024\/04\/euros-427528_1280.jpg","keywords":["PSD","salariu minim european"],"articleSection":["Economie"],"inLanguage":"en-GB","potentialAction":[{"@type":"CommentAction","name":"Comment","target":["https:\/\/organic-consulting.ro\/psd-asigura-ca-salariul-minim-european-va-fi-introdus-in-acest-an-in-romania\/#respond"]}]},{"@type":"WebPage","@id":"https:\/\/organic-consulting.ro\/psd-asigura-ca-salariul-minim-european-va-fi-introdus-in-acest-an-in-romania\/","url":"https:\/\/organic-consulting.ro\/psd-asigura-ca-salariul-minim-european-va-fi-introdus-in-acest-an-in-romania\/","name":"PSD asigur\u0103 c\u0103 salariul minim european va fi introdus \u00een acest an \u00een Rom\u00e2nia - Organic Consulting","isPartOf":{"@id":"https:\/\/organic-consulting.ro\/#website"},"primaryImageOfPage":{"@id":"https:\/\/organic-consulting.ro\/psd-asigura-ca-salariul-minim-european-va-fi-introdus-in-acest-an-in-romania\/#primaryimage"},"image":{"@id":"https:\/\/organic-consulting.ro\/psd-asigura-ca-salariul-minim-european-va-fi-introdus-in-acest-an-in-romania\/#primaryimage"},"thumbnailUrl":"https:\/\/organic-consulting.ro\/wp-content\/uploads\/2024\/04\/euros-427528_1280.jpg","datePublished":"2024-04-02T11:59:50+00:00","breadcrumb":{"@id":"https:\/\/organic-consulting.ro\/psd-asigura-ca-salariul-minim-european-va-fi-introdus-in-acest-an-in-romania\/#breadcrumb"},"inLanguage":"en-GB","potentialAction":[{"@type":"ReadAction","target":["https:\/\/organic-consulting.ro\/psd-asigura-ca-salariul-minim-european-va-fi-introdus-in-acest-an-in-romania\/"]}]},{"@type":"ImageObject","inLanguage":"en-GB","@id":"https:\/\/organic-consulting.ro\/psd-asigura-ca-salariul-minim-european-va-fi-introdus-in-acest-an-in-romania\/#primaryimage","url":"https:\/\/organic-consulting.ro\/wp-content\/uploads\/2024\/04\/euros-427528_1280.jpg","contentUrl":"https:\/\/organic-consulting.ro\/wp-content\/uploads\/2024\/04\/euros-427528_1280.jpg","width":1280,"height":853,"caption":"pixabay.com"},{"@type":"BreadcrumbList","@id":"https:\/\/organic-consulting.ro\/psd-asigura-ca-salariul-minim-european-va-fi-introdus-in-acest-an-in-romania\/#breadcrumb","itemListElement":[{"@type":"ListItem","position":1,"name":"Prima pagin\u0103","item":"https:\/\/organic-consulting.ro\/"},{"@type":"ListItem","position":2,"name":"PSD asigur\u0103 c\u0103 salariul minim european va fi introdus \u00een acest an \u00een Rom\u00e2nia"}]},{"@type":"WebSite","@id":"https:\/\/organic-consulting.ro\/#website","url":"https:\/\/organic-consulting.ro\/","name":"Organic Consulting","description":"Servicii consultan\u021b\u0103 juridic\u0103 \u0219i financiar\u0103","publisher":{"@id":"https:\/\/organic-consulting.ro\/#organization"},"potentialAction":[{"@type":"SearchAction","target":{"@type":"EntryPoint","urlTemplate":"https:\/\/organic-consulting.ro\/?s={search_term_string}"},"query-input":{"@type":"PropertyValueSpecification","valueRequired":true,"valueName":"search_term_string"}}],"inLanguage":"en-GB"},{"@type":"Organization","@id":"https:\/\/organic-consulting.ro\/#organization","name":"Organic Consulting SRL","url":"https:\/\/organic-consulting.ro\/","logo":{"@type":"ImageObject","inLanguage":"en-GB","@id":"https:\/\/organic-consulting.ro\/#\/schema\/logo\/image\/","url":"https:\/\/organic-consulting.ro\/wp-content\/uploads\/2022\/05\/Organic-Consulting-logo-NEGRU.png","contentUrl":"https:\/\/organic-consulting.ro\/wp-content\/uploads\/2022\/05\/Organic-Consulting-logo-NEGRU.png","width":1131,"height":376,"caption":"Organic Consulting SRL"},"image":{"@id":"https:\/\/organic-consulting.ro\/#\/schema\/logo\/image\/"}},{"@type":"Person","@id":"https:\/\/organic-consulting.ro\/#\/schema\/person\/ee7e0dff87f15e1d054674508cdf9e23","name":"adminoc","image":{"@type":"ImageObject","inLanguage":"en-GB","@id":"https:\/\/secure.gravatar.com\/avatar\/6371a4bebabd3421456d7cb9ef97a962dee8b95b53a2ca7c27feaf353882d2dd?s=96&d=mm&r=g","url":"https:\/\/secure.gravatar.com\/avatar\/6371a4bebabd3421456d7cb9ef97a962dee8b95b53a2ca7c27feaf353882d2dd?s=96&d=mm&r=g","contentUrl":"https:\/\/secure.gravatar.com\/avatar\/6371a4bebabd3421456d7cb9ef97a962dee8b95b53a2ca7c27feaf353882d2dd?s=96&d=mm&r=g","caption":"adminoc"}}]}},"_links":{"self":[{"href":"https:\/\/organic-consulting.ro\/en\/wp-json\/wp\/v2\/posts\/2333","targetHints":{"allow":["GET"]}}],"collection":[{"href":"https:\/\/organic-consulting.ro\/en\/wp-json\/wp\/v2\/posts"}],"about":[{"href":"https:\/\/organic-consulting.ro\/en\/wp-json\/wp\/v2\/types\/post"}],"author":[{"embeddable":true,"href":"https:\/\/organic-consulting.ro\/en\/wp-json\/wp\/v2\/users\/2"}],"replies":[{"embeddable":true,"href":"https:\/\/organic-consulting.ro\/en\/wp-json\/wp\/v2\/comments?post=2333"}],"version-history":[{"count":0,"href":"https:\/\/organic-consulting.ro\/en\/wp-json\/wp\/v2\/posts\/2333\/revisions"}],"wp:featuredmedia":[{"embeddable":true,"href":"https:\/\/organic-consulting.ro\/en\/wp-json\/wp\/v2\/media\/2334"}],"wp:attachment":[{"href":"https:\/\/organic-consulting.ro\/en\/wp-json\/wp\/v2\/media?parent=2333"}],"wp:term":[{"taxonomy":"category","embeddable":true,"href":"https:\/\/organic-consulting.ro\/en\/wp-json\/wp\/v2\/categories?post=2333"},{"taxonomy":"post_tag","embeddable":true,"href":"https:\/\/organic-consulting.ro\/en\/wp-json\/wp\/v2\/tags?post=2333"}],"curies":[{"name":"wp","href":"https:\/\/api.w.org\/{rel}","templated":true}]}}