{"id":2229,"date":"2024-01-22T22:44:43","date_gmt":"2024-01-22T19:44:43","guid":{"rendered":"https:\/\/organic-consulting.ro\/?p=2229"},"modified":"2024-01-22T22:44:43","modified_gmt":"2024-01-22T19:44:43","slug":"ministerul-finantelor-reactioneaza-dupa-problemele-cu-e-factura","status":"publish","type":"post","link":"https:\/\/organic-consulting.ro\/en\/ministerul-finantelor-reactioneaza-dupa-problemele-cu-e-factura\/","title":{"rendered":"The Ministry of Finance reacts after the problems with e-Invoice"},"content":{"rendered":"<p>The Ministry of Finance is organizing a series of webinars on the implementation of e-Invoice.<\/p>\n\n\n\n<p>&quot;Any change comes with an adjustment period, which may require time and effort. Throughout this process, we are betting that close collaboration will make this transition more accessible.&quot;<\/p>\n\n\n\n<p>That is why we are organizing a series of webinars to answer all the questions that arise on the topic of e-Invoice implementation. The MF\/ANAF team will provide personalized support, tailored to your specific needs and questions.<\/p>\n\n\n\n<p>The 2,000 seats for the webinars on January 23 and 25 sold out in just a few hours.<\/p>\n\n\n\n<p>Under these circumstances, to ensure that all interested parties have the opportunity to participate, we are organizing two more webinars on February 7 and 8.<\/p>\n\n\n\n<p>The topic presented will be the same, so it is enough to sign up for just one. The most frequently asked questions, accompanied by answers, will be taken over and integrated into information materials that we will publish later,&quot; a statement from the Ministry of Finance states.<\/p>\n\n\n\n<p>Registrations are made here <img decoding=\"async\" height=\"16\" width=\"16\" src=\"https:\/\/static.xx.fbcdn.net\/images\/emoji.php\/v9\/taa\/1.5\/16\/1f449.png\" alt=\"\ud83d\udc49\"><a href=\"https:\/\/bitly.ws\/35Szx?fbclid=IwAR3wwmHE2SAUy67bRBwuX0TKjduGv0o5ZDm_f6s__Oe7yT3rEWkyvTBrVr8\" target=\"_blank\" rel=\"noreferrer noopener\">https:\/\/bitly.ws\/35Szx<\/a><\/p>","protected":false},"excerpt":{"rendered":"<p>Ministerul Finan\u0163elor organizeaz\u0103 o serie de webinarii pe tema implement\u0103rii e-Factura. &#8222;Orice schimbare vine la pachet cu o perioad\u0103 de adaptare, care poate necesita timp \u0219i efort. \u00cen tot acest proces, miz\u0103m c\u0103 o colaborare str\u00e2ns\u0103 va face aceast\u0103 tranzi\u021bie mai accesibil\u0103. Tocmai de aceea, organiz\u0103m o serie de webinarii \u00een care s\u0103 r\u0103spundem tuturor [&hellip;]<\/p>\n","protected":false},"author":2,"featured_media":1748,"comment_status":"open","ping_status":"open","sticky":false,"template":"","format":"standard","meta":{"footnotes":""},"categories":[40],"tags":[263,74],"class_list":["post-2229","post","type-post","status-publish","format-standard","has-post-thumbnail","hentry","category-economie","tag-e-factura","tag-ministerul-finantelor"],"yoast_head":"<!-- This site is optimized with the Yoast SEO plugin v27.4 - https:\/\/yoast.com\/product\/yoast-seo-wordpress\/ -->\n<title>Ministerul Finan\u0163elor reac\u021bioneaz\u0103 dup\u0103 problemele cu e-Factura - Organic Consulting<\/title>\n<meta name=\"robots\" content=\"index, follow, max-snippet:-1, max-image-preview:large, max-video-preview:-1\" \/>\n<link rel=\"canonical\" href=\"https:\/\/organic-consulting.ro\/en\/ministerul-finantelor-reactioneaza-dupa-problemele-cu-e-factura\/\" \/>\n<meta property=\"og:locale\" content=\"en_GB\" \/>\n<meta property=\"og:type\" content=\"article\" \/>\n<meta property=\"og:title\" content=\"Ministerul Finan\u0163elor reac\u021bioneaz\u0103 dup\u0103 problemele cu e-Factura - Organic Consulting\" \/>\n<meta property=\"og:description\" content=\"Ministerul Finan\u0163elor organizeaz\u0103 o serie de webinarii pe tema implement\u0103rii e-Factura. &#8222;Orice schimbare vine la pachet cu o perioad\u0103 de adaptare, care poate necesita timp \u0219i efort. \u00cen tot acest proces, miz\u0103m c\u0103 o colaborare str\u00e2ns\u0103 va face aceast\u0103 tranzi\u021bie mai accesibil\u0103. Tocmai de aceea, organiz\u0103m o serie de webinarii \u00een care s\u0103 r\u0103spundem tuturor [&hellip;]\" \/>\n<meta property=\"og:url\" content=\"https:\/\/organic-consulting.ro\/en\/ministerul-finantelor-reactioneaza-dupa-problemele-cu-e-factura\/\" \/>\n<meta property=\"og:site_name\" content=\"Organic Consulting\" \/>\n<meta property=\"article:published_time\" content=\"2024-01-22T19:44:43+00:00\" \/>\n<meta property=\"og:image\" content=\"https:\/\/organic-consulting.ro\/wp-content\/uploads\/2023\/05\/it.jpg\" \/>\n\t<meta property=\"og:image:width\" content=\"1280\" \/>\n\t<meta property=\"og:image:height\" content=\"792\" \/>\n\t<meta property=\"og:image:type\" content=\"image\/jpeg\" \/>\n<meta name=\"author\" content=\"adminoc\" \/>\n<meta name=\"twitter:card\" content=\"summary_large_image\" \/>\n<meta name=\"twitter:label1\" content=\"Written by\" \/>\n\t<meta name=\"twitter:data1\" content=\"adminoc\" \/>\n\t<meta name=\"twitter:label2\" content=\"Estimated reading time\" \/>\n\t<meta name=\"twitter:data2\" content=\"2 minutes\" \/>\n<script type=\"application\/ld+json\" class=\"yoast-schema-graph\">{\"@context\":\"https:\\\/\\\/schema.org\",\"@graph\":[{\"@type\":\"Article\",\"@id\":\"https:\\\/\\\/organic-consulting.ro\\\/ministerul-finantelor-reactioneaza-dupa-problemele-cu-e-factura\\\/#article\",\"isPartOf\":{\"@id\":\"https:\\\/\\\/organic-consulting.ro\\\/ministerul-finantelor-reactioneaza-dupa-problemele-cu-e-factura\\\/\"},\"author\":{\"name\":\"adminoc\",\"@id\":\"https:\\\/\\\/organic-consulting.ro\\\/#\\\/schema\\\/person\\\/ee7e0dff87f15e1d054674508cdf9e23\"},\"headline\":\"Ministerul Finan\u0163elor reac\u021bioneaz\u0103 dup\u0103 problemele cu e-Factura\",\"datePublished\":\"2024-01-22T19:44:43+00:00\",\"mainEntityOfPage\":{\"@id\":\"https:\\\/\\\/organic-consulting.ro\\\/ministerul-finantelor-reactioneaza-dupa-problemele-cu-e-factura\\\/\"},\"wordCount\":192,\"commentCount\":0,\"publisher\":{\"@id\":\"https:\\\/\\\/organic-consulting.ro\\\/#organization\"},\"image\":{\"@id\":\"https:\\\/\\\/organic-consulting.ro\\\/ministerul-finantelor-reactioneaza-dupa-problemele-cu-e-factura\\\/#primaryimage\"},\"thumbnailUrl\":\"https:\\\/\\\/organic-consulting.ro\\\/wp-content\\\/uploads\\\/2023\\\/05\\\/it.jpg\",\"keywords\":[\"e-factura\",\"Ministerul Finan\u021belor\"],\"articleSection\":[\"Economie\"],\"inLanguage\":\"en-GB\",\"potentialAction\":[{\"@type\":\"CommentAction\",\"name\":\"Comment\",\"target\":[\"https:\\\/\\\/organic-consulting.ro\\\/ministerul-finantelor-reactioneaza-dupa-problemele-cu-e-factura\\\/#respond\"]}]},{\"@type\":\"WebPage\",\"@id\":\"https:\\\/\\\/organic-consulting.ro\\\/ministerul-finantelor-reactioneaza-dupa-problemele-cu-e-factura\\\/\",\"url\":\"https:\\\/\\\/organic-consulting.ro\\\/ministerul-finantelor-reactioneaza-dupa-problemele-cu-e-factura\\\/\",\"name\":\"Ministerul Finan\u0163elor reac\u021bioneaz\u0103 dup\u0103 problemele cu e-Factura - Organic Consulting\",\"isPartOf\":{\"@id\":\"https:\\\/\\\/organic-consulting.ro\\\/#website\"},\"primaryImageOfPage\":{\"@id\":\"https:\\\/\\\/organic-consulting.ro\\\/ministerul-finantelor-reactioneaza-dupa-problemele-cu-e-factura\\\/#primaryimage\"},\"image\":{\"@id\":\"https:\\\/\\\/organic-consulting.ro\\\/ministerul-finantelor-reactioneaza-dupa-problemele-cu-e-factura\\\/#primaryimage\"},\"thumbnailUrl\":\"https:\\\/\\\/organic-consulting.ro\\\/wp-content\\\/uploads\\\/2023\\\/05\\\/it.jpg\",\"datePublished\":\"2024-01-22T19:44:43+00:00\",\"breadcrumb\":{\"@id\":\"https:\\\/\\\/organic-consulting.ro\\\/ministerul-finantelor-reactioneaza-dupa-problemele-cu-e-factura\\\/#breadcrumb\"},\"inLanguage\":\"en-GB\",\"potentialAction\":[{\"@type\":\"ReadAction\",\"target\":[\"https:\\\/\\\/organic-consulting.ro\\\/ministerul-finantelor-reactioneaza-dupa-problemele-cu-e-factura\\\/\"]}]},{\"@type\":\"ImageObject\",\"inLanguage\":\"en-GB\",\"@id\":\"https:\\\/\\\/organic-consulting.ro\\\/ministerul-finantelor-reactioneaza-dupa-problemele-cu-e-factura\\\/#primaryimage\",\"url\":\"https:\\\/\\\/organic-consulting.ro\\\/wp-content\\\/uploads\\\/2023\\\/05\\\/it.jpg\",\"contentUrl\":\"https:\\\/\\\/organic-consulting.ro\\\/wp-content\\\/uploads\\\/2023\\\/05\\\/it.jpg\",\"width\":1280,\"height\":792,\"caption\":\"pixabay.com\"},{\"@type\":\"BreadcrumbList\",\"@id\":\"https:\\\/\\\/organic-consulting.ro\\\/ministerul-finantelor-reactioneaza-dupa-problemele-cu-e-factura\\\/#breadcrumb\",\"itemListElement\":[{\"@type\":\"ListItem\",\"position\":1,\"name\":\"Prima pagin\u0103\",\"item\":\"https:\\\/\\\/organic-consulting.ro\\\/\"},{\"@type\":\"ListItem\",\"position\":2,\"name\":\"Ministerul Finan\u0163elor reac\u021bioneaz\u0103 dup\u0103 problemele cu e-Factura\"}]},{\"@type\":\"WebSite\",\"@id\":\"https:\\\/\\\/organic-consulting.ro\\\/#website\",\"url\":\"https:\\\/\\\/organic-consulting.ro\\\/\",\"name\":\"Organic Consulting\",\"description\":\"Servicii consultan\u021b\u0103 juridic\u0103 \u0219i financiar\u0103\",\"publisher\":{\"@id\":\"https:\\\/\\\/organic-consulting.ro\\\/#organization\"},\"potentialAction\":[{\"@type\":\"SearchAction\",\"target\":{\"@type\":\"EntryPoint\",\"urlTemplate\":\"https:\\\/\\\/organic-consulting.ro\\\/?s={search_term_string}\"},\"query-input\":{\"@type\":\"PropertyValueSpecification\",\"valueRequired\":true,\"valueName\":\"search_term_string\"}}],\"inLanguage\":\"en-GB\"},{\"@type\":\"Organization\",\"@id\":\"https:\\\/\\\/organic-consulting.ro\\\/#organization\",\"name\":\"Organic Consulting SRL\",\"url\":\"https:\\\/\\\/organic-consulting.ro\\\/\",\"logo\":{\"@type\":\"ImageObject\",\"inLanguage\":\"en-GB\",\"@id\":\"https:\\\/\\\/organic-consulting.ro\\\/#\\\/schema\\\/logo\\\/image\\\/\",\"url\":\"https:\\\/\\\/organic-consulting.ro\\\/wp-content\\\/uploads\\\/2022\\\/05\\\/Organic-Consulting-logo-NEGRU.png\",\"contentUrl\":\"https:\\\/\\\/organic-consulting.ro\\\/wp-content\\\/uploads\\\/2022\\\/05\\\/Organic-Consulting-logo-NEGRU.png\",\"width\":1131,\"height\":376,\"caption\":\"Organic Consulting SRL\"},\"image\":{\"@id\":\"https:\\\/\\\/organic-consulting.ro\\\/#\\\/schema\\\/logo\\\/image\\\/\"}},{\"@type\":\"Person\",\"@id\":\"https:\\\/\\\/organic-consulting.ro\\\/#\\\/schema\\\/person\\\/ee7e0dff87f15e1d054674508cdf9e23\",\"name\":\"adminoc\",\"image\":{\"@type\":\"ImageObject\",\"inLanguage\":\"en-GB\",\"@id\":\"https:\\\/\\\/secure.gravatar.com\\\/avatar\\\/6371a4bebabd3421456d7cb9ef97a962dee8b95b53a2ca7c27feaf353882d2dd?s=96&d=mm&r=g\",\"url\":\"https:\\\/\\\/secure.gravatar.com\\\/avatar\\\/6371a4bebabd3421456d7cb9ef97a962dee8b95b53a2ca7c27feaf353882d2dd?s=96&d=mm&r=g\",\"contentUrl\":\"https:\\\/\\\/secure.gravatar.com\\\/avatar\\\/6371a4bebabd3421456d7cb9ef97a962dee8b95b53a2ca7c27feaf353882d2dd?s=96&d=mm&r=g\",\"caption\":\"adminoc\"}}]}<\/script>\n<!-- \/ Yoast SEO plugin. -->","yoast_head_json":{"title":"Ministerul Finan\u0163elor reac\u021bioneaz\u0103 dup\u0103 problemele cu e-Factura - Organic Consulting","robots":{"index":"index","follow":"follow","max-snippet":"max-snippet:-1","max-image-preview":"max-image-preview:large","max-video-preview":"max-video-preview:-1"},"canonical":"https:\/\/organic-consulting.ro\/en\/ministerul-finantelor-reactioneaza-dupa-problemele-cu-e-factura\/","og_locale":"en_GB","og_type":"article","og_title":"Ministerul Finan\u0163elor reac\u021bioneaz\u0103 dup\u0103 problemele cu e-Factura - Organic Consulting","og_description":"Ministerul Finan\u0163elor organizeaz\u0103 o serie de webinarii pe tema implement\u0103rii e-Factura. &#8222;Orice schimbare vine la pachet cu o perioad\u0103 de adaptare, care poate necesita timp \u0219i efort. \u00cen tot acest proces, miz\u0103m c\u0103 o colaborare str\u00e2ns\u0103 va face aceast\u0103 tranzi\u021bie mai accesibil\u0103. Tocmai de aceea, organiz\u0103m o serie de webinarii \u00een care s\u0103 r\u0103spundem tuturor [&hellip;]","og_url":"https:\/\/organic-consulting.ro\/en\/ministerul-finantelor-reactioneaza-dupa-problemele-cu-e-factura\/","og_site_name":"Organic Consulting","article_published_time":"2024-01-22T19:44:43+00:00","og_image":[{"width":1280,"height":792,"url":"https:\/\/organic-consulting.ro\/wp-content\/uploads\/2023\/05\/it.jpg","type":"image\/jpeg"}],"author":"adminoc","twitter_card":"summary_large_image","twitter_misc":{"Written by":"adminoc","Estimated reading time":"2 minutes"},"schema":{"@context":"https:\/\/schema.org","@graph":[{"@type":"Article","@id":"https:\/\/organic-consulting.ro\/ministerul-finantelor-reactioneaza-dupa-problemele-cu-e-factura\/#article","isPartOf":{"@id":"https:\/\/organic-consulting.ro\/ministerul-finantelor-reactioneaza-dupa-problemele-cu-e-factura\/"},"author":{"name":"adminoc","@id":"https:\/\/organic-consulting.ro\/#\/schema\/person\/ee7e0dff87f15e1d054674508cdf9e23"},"headline":"Ministerul Finan\u0163elor reac\u021bioneaz\u0103 dup\u0103 problemele cu e-Factura","datePublished":"2024-01-22T19:44:43+00:00","mainEntityOfPage":{"@id":"https:\/\/organic-consulting.ro\/ministerul-finantelor-reactioneaza-dupa-problemele-cu-e-factura\/"},"wordCount":192,"commentCount":0,"publisher":{"@id":"https:\/\/organic-consulting.ro\/#organization"},"image":{"@id":"https:\/\/organic-consulting.ro\/ministerul-finantelor-reactioneaza-dupa-problemele-cu-e-factura\/#primaryimage"},"thumbnailUrl":"https:\/\/organic-consulting.ro\/wp-content\/uploads\/2023\/05\/it.jpg","keywords":["e-factura","Ministerul Finan\u021belor"],"articleSection":["Economie"],"inLanguage":"en-GB","potentialAction":[{"@type":"CommentAction","name":"Comment","target":["https:\/\/organic-consulting.ro\/ministerul-finantelor-reactioneaza-dupa-problemele-cu-e-factura\/#respond"]}]},{"@type":"WebPage","@id":"https:\/\/organic-consulting.ro\/ministerul-finantelor-reactioneaza-dupa-problemele-cu-e-factura\/","url":"https:\/\/organic-consulting.ro\/ministerul-finantelor-reactioneaza-dupa-problemele-cu-e-factura\/","name":"Ministerul Finan\u0163elor reac\u021bioneaz\u0103 dup\u0103 problemele cu e-Factura - Organic Consulting","isPartOf":{"@id":"https:\/\/organic-consulting.ro\/#website"},"primaryImageOfPage":{"@id":"https:\/\/organic-consulting.ro\/ministerul-finantelor-reactioneaza-dupa-problemele-cu-e-factura\/#primaryimage"},"image":{"@id":"https:\/\/organic-consulting.ro\/ministerul-finantelor-reactioneaza-dupa-problemele-cu-e-factura\/#primaryimage"},"thumbnailUrl":"https:\/\/organic-consulting.ro\/wp-content\/uploads\/2023\/05\/it.jpg","datePublished":"2024-01-22T19:44:43+00:00","breadcrumb":{"@id":"https:\/\/organic-consulting.ro\/ministerul-finantelor-reactioneaza-dupa-problemele-cu-e-factura\/#breadcrumb"},"inLanguage":"en-GB","potentialAction":[{"@type":"ReadAction","target":["https:\/\/organic-consulting.ro\/ministerul-finantelor-reactioneaza-dupa-problemele-cu-e-factura\/"]}]},{"@type":"ImageObject","inLanguage":"en-GB","@id":"https:\/\/organic-consulting.ro\/ministerul-finantelor-reactioneaza-dupa-problemele-cu-e-factura\/#primaryimage","url":"https:\/\/organic-consulting.ro\/wp-content\/uploads\/2023\/05\/it.jpg","contentUrl":"https:\/\/organic-consulting.ro\/wp-content\/uploads\/2023\/05\/it.jpg","width":1280,"height":792,"caption":"pixabay.com"},{"@type":"BreadcrumbList","@id":"https:\/\/organic-consulting.ro\/ministerul-finantelor-reactioneaza-dupa-problemele-cu-e-factura\/#breadcrumb","itemListElement":[{"@type":"ListItem","position":1,"name":"Prima pagin\u0103","item":"https:\/\/organic-consulting.ro\/"},{"@type":"ListItem","position":2,"name":"Ministerul Finan\u0163elor reac\u021bioneaz\u0103 dup\u0103 problemele cu e-Factura"}]},{"@type":"WebSite","@id":"https:\/\/organic-consulting.ro\/#website","url":"https:\/\/organic-consulting.ro\/","name":"Organic Consulting","description":"Servicii consultan\u021b\u0103 juridic\u0103 \u0219i financiar\u0103","publisher":{"@id":"https:\/\/organic-consulting.ro\/#organization"},"potentialAction":[{"@type":"SearchAction","target":{"@type":"EntryPoint","urlTemplate":"https:\/\/organic-consulting.ro\/?s={search_term_string}"},"query-input":{"@type":"PropertyValueSpecification","valueRequired":true,"valueName":"search_term_string"}}],"inLanguage":"en-GB"},{"@type":"Organization","@id":"https:\/\/organic-consulting.ro\/#organization","name":"Organic Consulting SRL","url":"https:\/\/organic-consulting.ro\/","logo":{"@type":"ImageObject","inLanguage":"en-GB","@id":"https:\/\/organic-consulting.ro\/#\/schema\/logo\/image\/","url":"https:\/\/organic-consulting.ro\/wp-content\/uploads\/2022\/05\/Organic-Consulting-logo-NEGRU.png","contentUrl":"https:\/\/organic-consulting.ro\/wp-content\/uploads\/2022\/05\/Organic-Consulting-logo-NEGRU.png","width":1131,"height":376,"caption":"Organic Consulting SRL"},"image":{"@id":"https:\/\/organic-consulting.ro\/#\/schema\/logo\/image\/"}},{"@type":"Person","@id":"https:\/\/organic-consulting.ro\/#\/schema\/person\/ee7e0dff87f15e1d054674508cdf9e23","name":"adminoc","image":{"@type":"ImageObject","inLanguage":"en-GB","@id":"https:\/\/secure.gravatar.com\/avatar\/6371a4bebabd3421456d7cb9ef97a962dee8b95b53a2ca7c27feaf353882d2dd?s=96&d=mm&r=g","url":"https:\/\/secure.gravatar.com\/avatar\/6371a4bebabd3421456d7cb9ef97a962dee8b95b53a2ca7c27feaf353882d2dd?s=96&d=mm&r=g","contentUrl":"https:\/\/secure.gravatar.com\/avatar\/6371a4bebabd3421456d7cb9ef97a962dee8b95b53a2ca7c27feaf353882d2dd?s=96&d=mm&r=g","caption":"adminoc"}}]}},"_links":{"self":[{"href":"https:\/\/organic-consulting.ro\/en\/wp-json\/wp\/v2\/posts\/2229","targetHints":{"allow":["GET"]}}],"collection":[{"href":"https:\/\/organic-consulting.ro\/en\/wp-json\/wp\/v2\/posts"}],"about":[{"href":"https:\/\/organic-consulting.ro\/en\/wp-json\/wp\/v2\/types\/post"}],"author":[{"embeddable":true,"href":"https:\/\/organic-consulting.ro\/en\/wp-json\/wp\/v2\/users\/2"}],"replies":[{"embeddable":true,"href":"https:\/\/organic-consulting.ro\/en\/wp-json\/wp\/v2\/comments?post=2229"}],"version-history":[{"count":0,"href":"https:\/\/organic-consulting.ro\/en\/wp-json\/wp\/v2\/posts\/2229\/revisions"}],"wp:featuredmedia":[{"embeddable":true,"href":"https:\/\/organic-consulting.ro\/en\/wp-json\/wp\/v2\/media\/1748"}],"wp:attachment":[{"href":"https:\/\/organic-consulting.ro\/en\/wp-json\/wp\/v2\/media?parent=2229"}],"wp:term":[{"taxonomy":"category","embeddable":true,"href":"https:\/\/organic-consulting.ro\/en\/wp-json\/wp\/v2\/categories?post=2229"},{"taxonomy":"post_tag","embeddable":true,"href":"https:\/\/organic-consulting.ro\/en\/wp-json\/wp\/v2\/tags?post=2229"}],"curies":[{"name":"wp","href":"https:\/\/api.w.org\/{rel}","templated":true}]}}