{"id":1934,"date":"2023-09-05T18:09:02","date_gmt":"2023-09-05T15:09:02","guid":{"rendered":"https:\/\/organic-consulting.ro\/?p=1934"},"modified":"2023-09-05T18:09:03","modified_gmt":"2023-09-05T15:09:03","slug":"marcel-ciolacu-guvernul-lucreaza-in-continuare-la-pachetul-fiscal-bugetar","status":"publish","type":"post","link":"https:\/\/organic-consulting.ro\/en\/marcel-ciolacu-guvernul-lucreaza-in-continuare-la-pachetul-fiscal-bugetar\/","title":{"rendered":"Marcel Ciolacu: The Government is still working on the fiscal-budgetary package"},"content":{"rendered":"<p>The government is still working on the fiscal-budgetary package and in a few days it will be made transparent, Prime Minister Marcel Ciolacu announced today.<\/p>\n\n\n\n<p>&quot;We continue to write the normative act (on the fiscal-budgetary package - ed.). Then it will be made transparent, as is normal. By the end of the month we will finish the whole circuit, including assuming responsibility in Parliament. And let&#039;s see if certain supplementary ordinances are still needed. We waited and talked about the so-called austerity, but we saw in the normative act that salaries will increase and there is no austerity, explaining each time that Romania learned from the previous crisis, when a major mistake was made, cutting the salaries of Romanians, truly some who still have very high salaries, from my point of view, in the budgetary system they cannot benefit from vacation vouchers, just like the almost 1.6 million Romanians who have the minimum wage in the economy, but I did not see anything of austerity. Now if we waited and endured this austerity for two months, we can stay for 2-3 more days...&quot;, said Ciolacu, according to Digi24.<\/p>\n\n\n\n<p>&quot;The first package that the minister will finalize for me will be the one on combating tax evasion, and you saw that here too I spoke to the factory and congratulated them that this industry (tobacco \u2013 ed.) has zero tax evasion. Then there will be the reform of the administrative system and we have a normal dialogue with the central administration and the social partners and the local administration. The third is the fiscal package, so that Romania is sustainable this year and in the years to come, until Romania comes up with a fiscal reform that is included in the PNRR as a milestone. You will see the package in 2-3 days, because no one will sneak it through at night. There will be a minimum of 24 hours in which amendments are submitted to Parliament. It will respect the law and will be transparent, because it will go through the Romanian Government, where it must receive approvals. And with the banks (tax on exceptional income of banks \u2013 ed.), you will see in 2-3 days,&quot; added the Romanian Prime Minister.<\/p>","protected":false},"excerpt":{"rendered":"<p>Guvernul lucreaz\u0103 \u00een continuare la pachetul fiscal-bugetar iar \u00een c\u00e2teva zile va fi pus \u00een transparen\u021b\u0103, a anun\u021bat ast\u0103zi premierul Marcel Ciolacu. &#8222;Continu\u0103m s\u0103 scriem la actul normativ (privind pachetul fiscal-bugetar \u2013 n.red.). Pe urm\u0103 va fi pus \u00een transparen\u021b\u0103, cum este normal. P\u00e2n\u0103 la finalul lunii termin\u0103m tot circuitul, inclusiv asumarea de r\u0103spundere \u00een [&hellip;]<\/p>\n","protected":false},"author":2,"featured_media":1935,"comment_status":"open","ping_status":"open","sticky":false,"template":"","format":"standard","meta":{"footnotes":""},"categories":[40],"tags":[250,251],"class_list":["post-1934","post","type-post","status-publish","format-standard","has-post-thumbnail","hentry","category-economie","tag-marcel-ciolacu","tag-pachet-fiscal-bugetar"],"yoast_head":"<!-- This site is optimized with the Yoast SEO plugin v27.4 - https:\/\/yoast.com\/product\/yoast-seo-wordpress\/ -->\n<title>Marcel Ciolacu: Guvernul lucreaz\u0103 \u00een continuare la pachetul fiscal-bugetar - Organic Consulting<\/title>\n<meta name=\"robots\" content=\"index, follow, max-snippet:-1, max-image-preview:large, max-video-preview:-1\" \/>\n<link rel=\"canonical\" href=\"https:\/\/organic-consulting.ro\/en\/marcel-ciolacu-guvernul-lucreaza-in-continuare-la-pachetul-fiscal-bugetar\/\" \/>\n<meta property=\"og:locale\" content=\"en_GB\" \/>\n<meta property=\"og:type\" content=\"article\" \/>\n<meta property=\"og:title\" content=\"Marcel Ciolacu: Guvernul lucreaz\u0103 \u00een continuare la pachetul fiscal-bugetar - Organic Consulting\" \/>\n<meta property=\"og:description\" content=\"Guvernul lucreaz\u0103 \u00een continuare la pachetul fiscal-bugetar iar \u00een c\u00e2teva zile va fi pus \u00een transparen\u021b\u0103, a anun\u021bat ast\u0103zi premierul Marcel Ciolacu. &#8222;Continu\u0103m s\u0103 scriem la actul normativ (privind pachetul fiscal-bugetar \u2013 n.red.). Pe urm\u0103 va fi pus \u00een transparen\u021b\u0103, cum este normal. P\u00e2n\u0103 la finalul lunii termin\u0103m tot circuitul, inclusiv asumarea de r\u0103spundere \u00een [&hellip;]\" \/>\n<meta property=\"og:url\" content=\"https:\/\/organic-consulting.ro\/en\/marcel-ciolacu-guvernul-lucreaza-in-continuare-la-pachetul-fiscal-bugetar\/\" \/>\n<meta property=\"og:site_name\" content=\"Organic Consulting\" \/>\n<meta property=\"article:published_time\" content=\"2023-09-05T15:09:02+00:00\" \/>\n<meta property=\"article:modified_time\" content=\"2023-09-05T15:09:03+00:00\" \/>\n<meta property=\"og:image\" content=\"https:\/\/organic-consulting.ro\/wp-content\/uploads\/2023\/09\/ciolacu.jpg\" \/>\n\t<meta property=\"og:image:width\" content=\"1600\" \/>\n\t<meta property=\"og:image:height\" content=\"1066\" \/>\n\t<meta property=\"og:image:type\" content=\"image\/jpeg\" \/>\n<meta name=\"author\" content=\"adminoc\" \/>\n<meta name=\"twitter:card\" content=\"summary_large_image\" \/>\n<meta name=\"twitter:label1\" content=\"Written by\" \/>\n\t<meta name=\"twitter:data1\" content=\"adminoc\" \/>\n\t<meta name=\"twitter:label2\" content=\"Estimated reading time\" \/>\n\t<meta name=\"twitter:data2\" content=\"2 minutes\" \/>\n<script type=\"application\/ld+json\" class=\"yoast-schema-graph\">{\"@context\":\"https:\\\/\\\/schema.org\",\"@graph\":[{\"@type\":\"Article\",\"@id\":\"https:\\\/\\\/organic-consulting.ro\\\/marcel-ciolacu-guvernul-lucreaza-in-continuare-la-pachetul-fiscal-bugetar\\\/#article\",\"isPartOf\":{\"@id\":\"https:\\\/\\\/organic-consulting.ro\\\/marcel-ciolacu-guvernul-lucreaza-in-continuare-la-pachetul-fiscal-bugetar\\\/\"},\"author\":{\"name\":\"adminoc\",\"@id\":\"https:\\\/\\\/organic-consulting.ro\\\/#\\\/schema\\\/person\\\/ee7e0dff87f15e1d054674508cdf9e23\"},\"headline\":\"Marcel Ciolacu: Guvernul lucreaz\u0103 \u00een continuare la pachetul fiscal-bugetar\",\"datePublished\":\"2023-09-05T15:09:02+00:00\",\"dateModified\":\"2023-09-05T15:09:03+00:00\",\"mainEntityOfPage\":{\"@id\":\"https:\\\/\\\/organic-consulting.ro\\\/marcel-ciolacu-guvernul-lucreaza-in-continuare-la-pachetul-fiscal-bugetar\\\/\"},\"wordCount\":397,\"commentCount\":0,\"publisher\":{\"@id\":\"https:\\\/\\\/organic-consulting.ro\\\/#organization\"},\"image\":{\"@id\":\"https:\\\/\\\/organic-consulting.ro\\\/marcel-ciolacu-guvernul-lucreaza-in-continuare-la-pachetul-fiscal-bugetar\\\/#primaryimage\"},\"thumbnailUrl\":\"https:\\\/\\\/organic-consulting.ro\\\/wp-content\\\/uploads\\\/2023\\\/09\\\/ciolacu.jpg\",\"keywords\":[\"Marcel Ciolacu\",\"pachet fiscal bugetar\"],\"articleSection\":[\"Economie\"],\"inLanguage\":\"en-GB\",\"potentialAction\":[{\"@type\":\"CommentAction\",\"name\":\"Comment\",\"target\":[\"https:\\\/\\\/organic-consulting.ro\\\/marcel-ciolacu-guvernul-lucreaza-in-continuare-la-pachetul-fiscal-bugetar\\\/#respond\"]}]},{\"@type\":\"WebPage\",\"@id\":\"https:\\\/\\\/organic-consulting.ro\\\/marcel-ciolacu-guvernul-lucreaza-in-continuare-la-pachetul-fiscal-bugetar\\\/\",\"url\":\"https:\\\/\\\/organic-consulting.ro\\\/marcel-ciolacu-guvernul-lucreaza-in-continuare-la-pachetul-fiscal-bugetar\\\/\",\"name\":\"Marcel Ciolacu: Guvernul lucreaz\u0103 \u00een continuare la pachetul fiscal-bugetar - Organic Consulting\",\"isPartOf\":{\"@id\":\"https:\\\/\\\/organic-consulting.ro\\\/#website\"},\"primaryImageOfPage\":{\"@id\":\"https:\\\/\\\/organic-consulting.ro\\\/marcel-ciolacu-guvernul-lucreaza-in-continuare-la-pachetul-fiscal-bugetar\\\/#primaryimage\"},\"image\":{\"@id\":\"https:\\\/\\\/organic-consulting.ro\\\/marcel-ciolacu-guvernul-lucreaza-in-continuare-la-pachetul-fiscal-bugetar\\\/#primaryimage\"},\"thumbnailUrl\":\"https:\\\/\\\/organic-consulting.ro\\\/wp-content\\\/uploads\\\/2023\\\/09\\\/ciolacu.jpg\",\"datePublished\":\"2023-09-05T15:09:02+00:00\",\"dateModified\":\"2023-09-05T15:09:03+00:00\",\"breadcrumb\":{\"@id\":\"https:\\\/\\\/organic-consulting.ro\\\/marcel-ciolacu-guvernul-lucreaza-in-continuare-la-pachetul-fiscal-bugetar\\\/#breadcrumb\"},\"inLanguage\":\"en-GB\",\"potentialAction\":[{\"@type\":\"ReadAction\",\"target\":[\"https:\\\/\\\/organic-consulting.ro\\\/marcel-ciolacu-guvernul-lucreaza-in-continuare-la-pachetul-fiscal-bugetar\\\/\"]}]},{\"@type\":\"ImageObject\",\"inLanguage\":\"en-GB\",\"@id\":\"https:\\\/\\\/organic-consulting.ro\\\/marcel-ciolacu-guvernul-lucreaza-in-continuare-la-pachetul-fiscal-bugetar\\\/#primaryimage\",\"url\":\"https:\\\/\\\/organic-consulting.ro\\\/wp-content\\\/uploads\\\/2023\\\/09\\\/ciolacu.jpg\",\"contentUrl\":\"https:\\\/\\\/organic-consulting.ro\\\/wp-content\\\/uploads\\\/2023\\\/09\\\/ciolacu.jpg\",\"width\":1600,\"height\":1066,\"caption\":\"Guvernul Rom\u00e2niei\"},{\"@type\":\"BreadcrumbList\",\"@id\":\"https:\\\/\\\/organic-consulting.ro\\\/marcel-ciolacu-guvernul-lucreaza-in-continuare-la-pachetul-fiscal-bugetar\\\/#breadcrumb\",\"itemListElement\":[{\"@type\":\"ListItem\",\"position\":1,\"name\":\"Prima pagin\u0103\",\"item\":\"https:\\\/\\\/organic-consulting.ro\\\/\"},{\"@type\":\"ListItem\",\"position\":2,\"name\":\"Marcel Ciolacu: Guvernul lucreaz\u0103 \u00een continuare la pachetul fiscal-bugetar\"}]},{\"@type\":\"WebSite\",\"@id\":\"https:\\\/\\\/organic-consulting.ro\\\/#website\",\"url\":\"https:\\\/\\\/organic-consulting.ro\\\/\",\"name\":\"Organic Consulting\",\"description\":\"Servicii consultan\u021b\u0103 juridic\u0103 \u0219i financiar\u0103\",\"publisher\":{\"@id\":\"https:\\\/\\\/organic-consulting.ro\\\/#organization\"},\"potentialAction\":[{\"@type\":\"SearchAction\",\"target\":{\"@type\":\"EntryPoint\",\"urlTemplate\":\"https:\\\/\\\/organic-consulting.ro\\\/?s={search_term_string}\"},\"query-input\":{\"@type\":\"PropertyValueSpecification\",\"valueRequired\":true,\"valueName\":\"search_term_string\"}}],\"inLanguage\":\"en-GB\"},{\"@type\":\"Organization\",\"@id\":\"https:\\\/\\\/organic-consulting.ro\\\/#organization\",\"name\":\"Organic Consulting SRL\",\"url\":\"https:\\\/\\\/organic-consulting.ro\\\/\",\"logo\":{\"@type\":\"ImageObject\",\"inLanguage\":\"en-GB\",\"@id\":\"https:\\\/\\\/organic-consulting.ro\\\/#\\\/schema\\\/logo\\\/image\\\/\",\"url\":\"https:\\\/\\\/organic-consulting.ro\\\/wp-content\\\/uploads\\\/2022\\\/05\\\/Organic-Consulting-logo-NEGRU.png\",\"contentUrl\":\"https:\\\/\\\/organic-consulting.ro\\\/wp-content\\\/uploads\\\/2022\\\/05\\\/Organic-Consulting-logo-NEGRU.png\",\"width\":1131,\"height\":376,\"caption\":\"Organic Consulting SRL\"},\"image\":{\"@id\":\"https:\\\/\\\/organic-consulting.ro\\\/#\\\/schema\\\/logo\\\/image\\\/\"}},{\"@type\":\"Person\",\"@id\":\"https:\\\/\\\/organic-consulting.ro\\\/#\\\/schema\\\/person\\\/ee7e0dff87f15e1d054674508cdf9e23\",\"name\":\"adminoc\",\"image\":{\"@type\":\"ImageObject\",\"inLanguage\":\"en-GB\",\"@id\":\"https:\\\/\\\/secure.gravatar.com\\\/avatar\\\/6371a4bebabd3421456d7cb9ef97a962dee8b95b53a2ca7c27feaf353882d2dd?s=96&d=mm&r=g\",\"url\":\"https:\\\/\\\/secure.gravatar.com\\\/avatar\\\/6371a4bebabd3421456d7cb9ef97a962dee8b95b53a2ca7c27feaf353882d2dd?s=96&d=mm&r=g\",\"contentUrl\":\"https:\\\/\\\/secure.gravatar.com\\\/avatar\\\/6371a4bebabd3421456d7cb9ef97a962dee8b95b53a2ca7c27feaf353882d2dd?s=96&d=mm&r=g\",\"caption\":\"adminoc\"}}]}<\/script>\n<!-- \/ Yoast SEO plugin. -->","yoast_head_json":{"title":"Marcel Ciolacu: Guvernul lucreaz\u0103 \u00een continuare la pachetul fiscal-bugetar - Organic Consulting","robots":{"index":"index","follow":"follow","max-snippet":"max-snippet:-1","max-image-preview":"max-image-preview:large","max-video-preview":"max-video-preview:-1"},"canonical":"https:\/\/organic-consulting.ro\/en\/marcel-ciolacu-guvernul-lucreaza-in-continuare-la-pachetul-fiscal-bugetar\/","og_locale":"en_GB","og_type":"article","og_title":"Marcel Ciolacu: Guvernul lucreaz\u0103 \u00een continuare la pachetul fiscal-bugetar - Organic Consulting","og_description":"Guvernul lucreaz\u0103 \u00een continuare la pachetul fiscal-bugetar iar \u00een c\u00e2teva zile va fi pus \u00een transparen\u021b\u0103, a anun\u021bat ast\u0103zi premierul Marcel Ciolacu. &#8222;Continu\u0103m s\u0103 scriem la actul normativ (privind pachetul fiscal-bugetar \u2013 n.red.). Pe urm\u0103 va fi pus \u00een transparen\u021b\u0103, cum este normal. P\u00e2n\u0103 la finalul lunii termin\u0103m tot circuitul, inclusiv asumarea de r\u0103spundere \u00een [&hellip;]","og_url":"https:\/\/organic-consulting.ro\/en\/marcel-ciolacu-guvernul-lucreaza-in-continuare-la-pachetul-fiscal-bugetar\/","og_site_name":"Organic Consulting","article_published_time":"2023-09-05T15:09:02+00:00","article_modified_time":"2023-09-05T15:09:03+00:00","og_image":[{"width":1600,"height":1066,"url":"https:\/\/organic-consulting.ro\/wp-content\/uploads\/2023\/09\/ciolacu.jpg","type":"image\/jpeg"}],"author":"adminoc","twitter_card":"summary_large_image","twitter_misc":{"Written by":"adminoc","Estimated reading time":"2 minutes"},"schema":{"@context":"https:\/\/schema.org","@graph":[{"@type":"Article","@id":"https:\/\/organic-consulting.ro\/marcel-ciolacu-guvernul-lucreaza-in-continuare-la-pachetul-fiscal-bugetar\/#article","isPartOf":{"@id":"https:\/\/organic-consulting.ro\/marcel-ciolacu-guvernul-lucreaza-in-continuare-la-pachetul-fiscal-bugetar\/"},"author":{"name":"adminoc","@id":"https:\/\/organic-consulting.ro\/#\/schema\/person\/ee7e0dff87f15e1d054674508cdf9e23"},"headline":"Marcel Ciolacu: Guvernul lucreaz\u0103 \u00een continuare la pachetul fiscal-bugetar","datePublished":"2023-09-05T15:09:02+00:00","dateModified":"2023-09-05T15:09:03+00:00","mainEntityOfPage":{"@id":"https:\/\/organic-consulting.ro\/marcel-ciolacu-guvernul-lucreaza-in-continuare-la-pachetul-fiscal-bugetar\/"},"wordCount":397,"commentCount":0,"publisher":{"@id":"https:\/\/organic-consulting.ro\/#organization"},"image":{"@id":"https:\/\/organic-consulting.ro\/marcel-ciolacu-guvernul-lucreaza-in-continuare-la-pachetul-fiscal-bugetar\/#primaryimage"},"thumbnailUrl":"https:\/\/organic-consulting.ro\/wp-content\/uploads\/2023\/09\/ciolacu.jpg","keywords":["Marcel Ciolacu","pachet fiscal bugetar"],"articleSection":["Economie"],"inLanguage":"en-GB","potentialAction":[{"@type":"CommentAction","name":"Comment","target":["https:\/\/organic-consulting.ro\/marcel-ciolacu-guvernul-lucreaza-in-continuare-la-pachetul-fiscal-bugetar\/#respond"]}]},{"@type":"WebPage","@id":"https:\/\/organic-consulting.ro\/marcel-ciolacu-guvernul-lucreaza-in-continuare-la-pachetul-fiscal-bugetar\/","url":"https:\/\/organic-consulting.ro\/marcel-ciolacu-guvernul-lucreaza-in-continuare-la-pachetul-fiscal-bugetar\/","name":"Marcel Ciolacu: Guvernul lucreaz\u0103 \u00een continuare la pachetul fiscal-bugetar - Organic Consulting","isPartOf":{"@id":"https:\/\/organic-consulting.ro\/#website"},"primaryImageOfPage":{"@id":"https:\/\/organic-consulting.ro\/marcel-ciolacu-guvernul-lucreaza-in-continuare-la-pachetul-fiscal-bugetar\/#primaryimage"},"image":{"@id":"https:\/\/organic-consulting.ro\/marcel-ciolacu-guvernul-lucreaza-in-continuare-la-pachetul-fiscal-bugetar\/#primaryimage"},"thumbnailUrl":"https:\/\/organic-consulting.ro\/wp-content\/uploads\/2023\/09\/ciolacu.jpg","datePublished":"2023-09-05T15:09:02+00:00","dateModified":"2023-09-05T15:09:03+00:00","breadcrumb":{"@id":"https:\/\/organic-consulting.ro\/marcel-ciolacu-guvernul-lucreaza-in-continuare-la-pachetul-fiscal-bugetar\/#breadcrumb"},"inLanguage":"en-GB","potentialAction":[{"@type":"ReadAction","target":["https:\/\/organic-consulting.ro\/marcel-ciolacu-guvernul-lucreaza-in-continuare-la-pachetul-fiscal-bugetar\/"]}]},{"@type":"ImageObject","inLanguage":"en-GB","@id":"https:\/\/organic-consulting.ro\/marcel-ciolacu-guvernul-lucreaza-in-continuare-la-pachetul-fiscal-bugetar\/#primaryimage","url":"https:\/\/organic-consulting.ro\/wp-content\/uploads\/2023\/09\/ciolacu.jpg","contentUrl":"https:\/\/organic-consulting.ro\/wp-content\/uploads\/2023\/09\/ciolacu.jpg","width":1600,"height":1066,"caption":"Guvernul Rom\u00e2niei"},{"@type":"BreadcrumbList","@id":"https:\/\/organic-consulting.ro\/marcel-ciolacu-guvernul-lucreaza-in-continuare-la-pachetul-fiscal-bugetar\/#breadcrumb","itemListElement":[{"@type":"ListItem","position":1,"name":"Prima pagin\u0103","item":"https:\/\/organic-consulting.ro\/"},{"@type":"ListItem","position":2,"name":"Marcel Ciolacu: Guvernul lucreaz\u0103 \u00een continuare la pachetul fiscal-bugetar"}]},{"@type":"WebSite","@id":"https:\/\/organic-consulting.ro\/#website","url":"https:\/\/organic-consulting.ro\/","name":"Organic Consulting","description":"Servicii consultan\u021b\u0103 juridic\u0103 \u0219i financiar\u0103","publisher":{"@id":"https:\/\/organic-consulting.ro\/#organization"},"potentialAction":[{"@type":"SearchAction","target":{"@type":"EntryPoint","urlTemplate":"https:\/\/organic-consulting.ro\/?s={search_term_string}"},"query-input":{"@type":"PropertyValueSpecification","valueRequired":true,"valueName":"search_term_string"}}],"inLanguage":"en-GB"},{"@type":"Organization","@id":"https:\/\/organic-consulting.ro\/#organization","name":"Organic Consulting SRL","url":"https:\/\/organic-consulting.ro\/","logo":{"@type":"ImageObject","inLanguage":"en-GB","@id":"https:\/\/organic-consulting.ro\/#\/schema\/logo\/image\/","url":"https:\/\/organic-consulting.ro\/wp-content\/uploads\/2022\/05\/Organic-Consulting-logo-NEGRU.png","contentUrl":"https:\/\/organic-consulting.ro\/wp-content\/uploads\/2022\/05\/Organic-Consulting-logo-NEGRU.png","width":1131,"height":376,"caption":"Organic Consulting SRL"},"image":{"@id":"https:\/\/organic-consulting.ro\/#\/schema\/logo\/image\/"}},{"@type":"Person","@id":"https:\/\/organic-consulting.ro\/#\/schema\/person\/ee7e0dff87f15e1d054674508cdf9e23","name":"adminoc","image":{"@type":"ImageObject","inLanguage":"en-GB","@id":"https:\/\/secure.gravatar.com\/avatar\/6371a4bebabd3421456d7cb9ef97a962dee8b95b53a2ca7c27feaf353882d2dd?s=96&d=mm&r=g","url":"https:\/\/secure.gravatar.com\/avatar\/6371a4bebabd3421456d7cb9ef97a962dee8b95b53a2ca7c27feaf353882d2dd?s=96&d=mm&r=g","contentUrl":"https:\/\/secure.gravatar.com\/avatar\/6371a4bebabd3421456d7cb9ef97a962dee8b95b53a2ca7c27feaf353882d2dd?s=96&d=mm&r=g","caption":"adminoc"}}]}},"_links":{"self":[{"href":"https:\/\/organic-consulting.ro\/en\/wp-json\/wp\/v2\/posts\/1934","targetHints":{"allow":["GET"]}}],"collection":[{"href":"https:\/\/organic-consulting.ro\/en\/wp-json\/wp\/v2\/posts"}],"about":[{"href":"https:\/\/organic-consulting.ro\/en\/wp-json\/wp\/v2\/types\/post"}],"author":[{"embeddable":true,"href":"https:\/\/organic-consulting.ro\/en\/wp-json\/wp\/v2\/users\/2"}],"replies":[{"embeddable":true,"href":"https:\/\/organic-consulting.ro\/en\/wp-json\/wp\/v2\/comments?post=1934"}],"version-history":[{"count":0,"href":"https:\/\/organic-consulting.ro\/en\/wp-json\/wp\/v2\/posts\/1934\/revisions"}],"wp:featuredmedia":[{"embeddable":true,"href":"https:\/\/organic-consulting.ro\/en\/wp-json\/wp\/v2\/media\/1935"}],"wp:attachment":[{"href":"https:\/\/organic-consulting.ro\/en\/wp-json\/wp\/v2\/media?parent=1934"}],"wp:term":[{"taxonomy":"category","embeddable":true,"href":"https:\/\/organic-consulting.ro\/en\/wp-json\/wp\/v2\/categories?post=1934"},{"taxonomy":"post_tag","embeddable":true,"href":"https:\/\/organic-consulting.ro\/en\/wp-json\/wp\/v2\/tags?post=1934"}],"curies":[{"name":"wp","href":"https:\/\/api.w.org\/{rel}","templated":true}]}}