{"id":1707,"date":"2023-04-03T21:22:40","date_gmt":"2023-04-03T18:22:40","guid":{"rendered":"https:\/\/organic-consulting.ro\/?p=1707"},"modified":"2023-04-03T21:22:41","modified_gmt":"2023-04-03T18:22:41","slug":"costul-de-trai-sanatatea-si-educatia-pe-primele-locuri-in-preocuparile-romanilor","status":"publish","type":"post","link":"https:\/\/organic-consulting.ro\/en\/costul-de-trai-sanatatea-si-educatia-pe-primele-locuri-in-preocuparile-romanilor\/","title":{"rendered":"Cost of living, health and education top Romanians&#039; concerns"},"content":{"rendered":"<p>Rising prices, inflation and the cost of living, the economic situation, health and education are at the top of Romanians&#039; concerns at the beginning of 2023.<\/p>\n\n\n\n<p>As a result of the war in Ukraine, the international situation is also a concern, both from an economic and security point of view, according to the results of the Standard Eurobarometer survey published on Monday by the European Commission.<\/p>\n\n\n\n<p>After two years of pandemic and one year of war in the immediate vicinity, Romanians put the first place among their concerns\u00a0<strong>price increases, inflation and the cost of living<\/strong>, both in terms of\u00a0<strong>personal situation (51%)<\/strong>, as well as the opinion on the situation\u00a0<strong>national (53%)<\/strong>\u00a0and the one from\u00a0<strong>European level (30%)<\/strong>On a personal and national level,\u00a0<strong>the situation <a href=\"https:\/\/organic-consulting.ro\/en\/servicii-financiare\/\" target=\"_blank\" rel=\"noreferrer noopener\">financial<\/a> own<\/strong>\u00a0(22%) and the\u00a0<strong>economic<\/strong>\u00a0of the country (29%) ranks second, followed by\u00a0<strong>health<\/strong>\u00a0(17%, both at the personal and national level). Regarding the European Union, Romanians rank\u00a0<strong>international situation<\/strong>\u00a0in second place as a concern (28%), followed by\u00a0<strong>energy resources<\/strong>\u00a0(19%).<\/p>\n\n\n\n<p>Most Romanians believe that their own\u00a0<strong>situation <a href=\"https:\/\/organic-consulting.ro\/en\/servicii-financiare\/\" target=\"_blank\" rel=\"noreferrer noopener\">financial\/economic<\/a><\/strong>\u00a0will stagnate (40%) or even get worse (36%) in the next year, a perception that extends to the\u00a0<strong>national<\/strong>\u00a0(31 and 41% respectively) and\u00a0<strong>European<\/strong>\u00a0(32 and 34% respectively). \u00a0<\/p>\n\n\n\n<p>Romanians are satisfied with the way the European Union has managed&nbsp;<strong>response to the Russian invasion of Ukraine<\/strong>&nbsp;(58%) and I am in favor of&nbsp;<strong>imposing sanctions on Russia<\/strong>&nbsp;(67%),&nbsp;<strong>banning certain Russian media outlets in the EU<\/strong>&nbsp;(61%),&nbsp;<strong>financing the acquisition of military equipment<\/strong>&nbsp;for Ukraine (55%),&nbsp;<strong>the provision of humanitarian aid<\/strong>&nbsp;those affected by war (71%) or&nbsp;<strong>welcoming Ukrainian refugees into the Union&nbsp;<\/strong>(72%). They consider the Russian invasion to be a&nbsp;<strong>security threat<\/strong>&nbsp;both the European Union (69%) and their own country (71%). They also appreciate that the war has&nbsp;<strong>impact<\/strong>&nbsp;both on its own financial situation (66%) and on the national economic situation (69%).&nbsp;<\/p>\n\n\n\n<p>Most Romanians have&nbsp;<strong>trust in the European Union<\/strong>&nbsp;(52%, compared to 47% in the EU27), 42% of them (50% in the EU27) appreciating as its main positive result<strong>&nbsp;freedom of movement<\/strong>, meaning the ability to travel, study or work without restrictions in any of the EU member states.&nbsp;<\/p>\n\n\n\n<p>Regarding the media behavior of Romanians, they mainly use&nbsp;<strong>the television<\/strong>&nbsp;(75%) or&nbsp;<strong>social networks<\/strong>&nbsp;(32%) to get information on European topics, as well as&nbsp;<strong>discussions with relatives, friends or work colleagues<\/strong>&nbsp;(51%). Romanians declare that they are aware of the existence of the phenomenon of disinformation and fake news (63%), but only half of them believe that they can identify them (54%).<\/p>","protected":false},"excerpt":{"rendered":"<p>Cre\u0219terea pre\u021burilor, infla\u021bia \u0219i costul de trai, situa\u021bia economic\u0103, s\u0103n\u0103tatea \u0219i educa\u021bia sunt pe primele locuri \u00eentre preocup\u0103rile rom\u00e2nilor la \u00eenceputul lui 2023. Ca urmare a r\u0103zboiului din Ucraina, \u0219i situa\u021bia interna\u021bional\u0103 reprezint\u0103 o preocupare, at\u00e2t din punct de vedere economic, c\u00e2t \u0219i de securitate, arat\u0103 rezultatele sondajului Eurobarometru standard publicat luni de Comisia European\u0103.. [&hellip;]<\/p>\n","protected":false},"author":2,"featured_media":1708,"comment_status":"open","ping_status":"open","sticky":false,"template":"","format":"standard","meta":{"footnotes":""},"categories":[40],"tags":[196,197],"class_list":["post-1707","post","type-post","status-publish","format-standard","has-post-thumbnail","hentry","category-economie","tag-situatie-economica","tag-situatie-financiara"],"yoast_head":"<!-- This site is optimized with the Yoast SEO plugin v27.4 - https:\/\/yoast.com\/product\/yoast-seo-wordpress\/ -->\n<title>Costul de trai, s\u0103n\u0103tatea \u0219i educa\u021bia pe primele locuri \u00een preocup\u0103rile rom\u00e2nilor - Organic Consulting<\/title>\n<meta name=\"robots\" content=\"index, follow, max-snippet:-1, max-image-preview:large, max-video-preview:-1\" \/>\n<link rel=\"canonical\" href=\"https:\/\/organic-consulting.ro\/en\/costul-de-trai-sanatatea-si-educatia-pe-primele-locuri-in-preocuparile-romanilor\/\" \/>\n<meta property=\"og:locale\" content=\"en_GB\" \/>\n<meta property=\"og:type\" content=\"article\" \/>\n<meta property=\"og:title\" content=\"Costul de trai, s\u0103n\u0103tatea \u0219i educa\u021bia pe primele locuri \u00een preocup\u0103rile rom\u00e2nilor - Organic Consulting\" \/>\n<meta property=\"og:description\" content=\"Cre\u0219terea pre\u021burilor, infla\u021bia \u0219i costul de trai, situa\u021bia economic\u0103, s\u0103n\u0103tatea \u0219i educa\u021bia sunt pe primele locuri \u00eentre preocup\u0103rile rom\u00e2nilor la \u00eenceputul lui 2023. Ca urmare a r\u0103zboiului din Ucraina, \u0219i situa\u021bia interna\u021bional\u0103 reprezint\u0103 o preocupare, at\u00e2t din punct de vedere economic, c\u00e2t \u0219i de securitate, arat\u0103 rezultatele sondajului Eurobarometru standard publicat luni de Comisia European\u0103.. [&hellip;]\" \/>\n<meta property=\"og:url\" content=\"https:\/\/organic-consulting.ro\/en\/costul-de-trai-sanatatea-si-educatia-pe-primele-locuri-in-preocuparile-romanilor\/\" \/>\n<meta property=\"og:site_name\" content=\"Organic Consulting\" \/>\n<meta property=\"article:published_time\" content=\"2023-04-03T18:22:40+00:00\" \/>\n<meta property=\"article:modified_time\" content=\"2023-04-03T18:22:41+00:00\" \/>\n<meta property=\"og:image\" content=\"https:\/\/organic-consulting.ro\/wp-content\/uploads\/2023\/04\/oameni-copii.jpg\" \/>\n\t<meta property=\"og:image:width\" content=\"1280\" \/>\n\t<meta property=\"og:image:height\" content=\"853\" \/>\n\t<meta property=\"og:image:type\" content=\"image\/jpeg\" \/>\n<meta name=\"author\" content=\"adminoc\" \/>\n<meta name=\"twitter:card\" content=\"summary_large_image\" \/>\n<meta name=\"twitter:label1\" content=\"Written by\" \/>\n\t<meta name=\"twitter:data1\" content=\"adminoc\" \/>\n\t<meta name=\"twitter:label2\" content=\"Estimated reading time\" \/>\n\t<meta name=\"twitter:data2\" content=\"3 minutes\" \/>\n<script type=\"application\/ld+json\" class=\"yoast-schema-graph\">{\"@context\":\"https:\\\/\\\/schema.org\",\"@graph\":[{\"@type\":\"Article\",\"@id\":\"https:\\\/\\\/organic-consulting.ro\\\/costul-de-trai-sanatatea-si-educatia-pe-primele-locuri-in-preocuparile-romanilor\\\/#article\",\"isPartOf\":{\"@id\":\"https:\\\/\\\/organic-consulting.ro\\\/costul-de-trai-sanatatea-si-educatia-pe-primele-locuri-in-preocuparile-romanilor\\\/\"},\"author\":{\"name\":\"adminoc\",\"@id\":\"https:\\\/\\\/organic-consulting.ro\\\/#\\\/schema\\\/person\\\/ee7e0dff87f15e1d054674508cdf9e23\"},\"headline\":\"Costul de trai, s\u0103n\u0103tatea \u0219i educa\u021bia pe primele locuri \u00een preocup\u0103rile rom\u00e2nilor\",\"datePublished\":\"2023-04-03T18:22:40+00:00\",\"dateModified\":\"2023-04-03T18:22:41+00:00\",\"mainEntityOfPage\":{\"@id\":\"https:\\\/\\\/organic-consulting.ro\\\/costul-de-trai-sanatatea-si-educatia-pe-primele-locuri-in-preocuparile-romanilor\\\/\"},\"wordCount\":499,\"commentCount\":0,\"publisher\":{\"@id\":\"https:\\\/\\\/organic-consulting.ro\\\/#organization\"},\"image\":{\"@id\":\"https:\\\/\\\/organic-consulting.ro\\\/costul-de-trai-sanatatea-si-educatia-pe-primele-locuri-in-preocuparile-romanilor\\\/#primaryimage\"},\"thumbnailUrl\":\"https:\\\/\\\/organic-consulting.ro\\\/wp-content\\\/uploads\\\/2023\\\/04\\\/oameni-copii.jpg\",\"keywords\":[\"situa\u021bie economic\u0103\",\"situa\u021bie financiar\u0103\"],\"articleSection\":[\"Economie\"],\"inLanguage\":\"en-GB\",\"potentialAction\":[{\"@type\":\"CommentAction\",\"name\":\"Comment\",\"target\":[\"https:\\\/\\\/organic-consulting.ro\\\/costul-de-trai-sanatatea-si-educatia-pe-primele-locuri-in-preocuparile-romanilor\\\/#respond\"]}]},{\"@type\":\"WebPage\",\"@id\":\"https:\\\/\\\/organic-consulting.ro\\\/costul-de-trai-sanatatea-si-educatia-pe-primele-locuri-in-preocuparile-romanilor\\\/\",\"url\":\"https:\\\/\\\/organic-consulting.ro\\\/costul-de-trai-sanatatea-si-educatia-pe-primele-locuri-in-preocuparile-romanilor\\\/\",\"name\":\"Costul de trai, s\u0103n\u0103tatea \u0219i educa\u021bia pe primele locuri \u00een preocup\u0103rile rom\u00e2nilor - Organic Consulting\",\"isPartOf\":{\"@id\":\"https:\\\/\\\/organic-consulting.ro\\\/#website\"},\"primaryImageOfPage\":{\"@id\":\"https:\\\/\\\/organic-consulting.ro\\\/costul-de-trai-sanatatea-si-educatia-pe-primele-locuri-in-preocuparile-romanilor\\\/#primaryimage\"},\"image\":{\"@id\":\"https:\\\/\\\/organic-consulting.ro\\\/costul-de-trai-sanatatea-si-educatia-pe-primele-locuri-in-preocuparile-romanilor\\\/#primaryimage\"},\"thumbnailUrl\":\"https:\\\/\\\/organic-consulting.ro\\\/wp-content\\\/uploads\\\/2023\\\/04\\\/oameni-copii.jpg\",\"datePublished\":\"2023-04-03T18:22:40+00:00\",\"dateModified\":\"2023-04-03T18:22:41+00:00\",\"breadcrumb\":{\"@id\":\"https:\\\/\\\/organic-consulting.ro\\\/costul-de-trai-sanatatea-si-educatia-pe-primele-locuri-in-preocuparile-romanilor\\\/#breadcrumb\"},\"inLanguage\":\"en-GB\",\"potentialAction\":[{\"@type\":\"ReadAction\",\"target\":[\"https:\\\/\\\/organic-consulting.ro\\\/costul-de-trai-sanatatea-si-educatia-pe-primele-locuri-in-preocuparile-romanilor\\\/\"]}]},{\"@type\":\"ImageObject\",\"inLanguage\":\"en-GB\",\"@id\":\"https:\\\/\\\/organic-consulting.ro\\\/costul-de-trai-sanatatea-si-educatia-pe-primele-locuri-in-preocuparile-romanilor\\\/#primaryimage\",\"url\":\"https:\\\/\\\/organic-consulting.ro\\\/wp-content\\\/uploads\\\/2023\\\/04\\\/oameni-copii.jpg\",\"contentUrl\":\"https:\\\/\\\/organic-consulting.ro\\\/wp-content\\\/uploads\\\/2023\\\/04\\\/oameni-copii.jpg\",\"width\":1280,\"height\":853,\"caption\":\"pizabay.com\"},{\"@type\":\"BreadcrumbList\",\"@id\":\"https:\\\/\\\/organic-consulting.ro\\\/costul-de-trai-sanatatea-si-educatia-pe-primele-locuri-in-preocuparile-romanilor\\\/#breadcrumb\",\"itemListElement\":[{\"@type\":\"ListItem\",\"position\":1,\"name\":\"Prima pagin\u0103\",\"item\":\"https:\\\/\\\/organic-consulting.ro\\\/\"},{\"@type\":\"ListItem\",\"position\":2,\"name\":\"Costul de trai, s\u0103n\u0103tatea \u0219i educa\u021bia pe primele locuri \u00een preocup\u0103rile rom\u00e2nilor\"}]},{\"@type\":\"WebSite\",\"@id\":\"https:\\\/\\\/organic-consulting.ro\\\/#website\",\"url\":\"https:\\\/\\\/organic-consulting.ro\\\/\",\"name\":\"Organic Consulting\",\"description\":\"Servicii consultan\u021b\u0103 juridic\u0103 \u0219i financiar\u0103\",\"publisher\":{\"@id\":\"https:\\\/\\\/organic-consulting.ro\\\/#organization\"},\"potentialAction\":[{\"@type\":\"SearchAction\",\"target\":{\"@type\":\"EntryPoint\",\"urlTemplate\":\"https:\\\/\\\/organic-consulting.ro\\\/?s={search_term_string}\"},\"query-input\":{\"@type\":\"PropertyValueSpecification\",\"valueRequired\":true,\"valueName\":\"search_term_string\"}}],\"inLanguage\":\"en-GB\"},{\"@type\":\"Organization\",\"@id\":\"https:\\\/\\\/organic-consulting.ro\\\/#organization\",\"name\":\"Organic Consulting SRL\",\"url\":\"https:\\\/\\\/organic-consulting.ro\\\/\",\"logo\":{\"@type\":\"ImageObject\",\"inLanguage\":\"en-GB\",\"@id\":\"https:\\\/\\\/organic-consulting.ro\\\/#\\\/schema\\\/logo\\\/image\\\/\",\"url\":\"https:\\\/\\\/organic-consulting.ro\\\/wp-content\\\/uploads\\\/2022\\\/05\\\/Organic-Consulting-logo-NEGRU.png\",\"contentUrl\":\"https:\\\/\\\/organic-consulting.ro\\\/wp-content\\\/uploads\\\/2022\\\/05\\\/Organic-Consulting-logo-NEGRU.png\",\"width\":1131,\"height\":376,\"caption\":\"Organic Consulting SRL\"},\"image\":{\"@id\":\"https:\\\/\\\/organic-consulting.ro\\\/#\\\/schema\\\/logo\\\/image\\\/\"}},{\"@type\":\"Person\",\"@id\":\"https:\\\/\\\/organic-consulting.ro\\\/#\\\/schema\\\/person\\\/ee7e0dff87f15e1d054674508cdf9e23\",\"name\":\"adminoc\",\"image\":{\"@type\":\"ImageObject\",\"inLanguage\":\"en-GB\",\"@id\":\"https:\\\/\\\/secure.gravatar.com\\\/avatar\\\/6371a4bebabd3421456d7cb9ef97a962dee8b95b53a2ca7c27feaf353882d2dd?s=96&d=mm&r=g\",\"url\":\"https:\\\/\\\/secure.gravatar.com\\\/avatar\\\/6371a4bebabd3421456d7cb9ef97a962dee8b95b53a2ca7c27feaf353882d2dd?s=96&d=mm&r=g\",\"contentUrl\":\"https:\\\/\\\/secure.gravatar.com\\\/avatar\\\/6371a4bebabd3421456d7cb9ef97a962dee8b95b53a2ca7c27feaf353882d2dd?s=96&d=mm&r=g\",\"caption\":\"adminoc\"}}]}<\/script>\n<!-- \/ Yoast SEO plugin. -->","yoast_head_json":{"title":"Costul de trai, s\u0103n\u0103tatea \u0219i educa\u021bia pe primele locuri \u00een preocup\u0103rile rom\u00e2nilor - Organic Consulting","robots":{"index":"index","follow":"follow","max-snippet":"max-snippet:-1","max-image-preview":"max-image-preview:large","max-video-preview":"max-video-preview:-1"},"canonical":"https:\/\/organic-consulting.ro\/en\/costul-de-trai-sanatatea-si-educatia-pe-primele-locuri-in-preocuparile-romanilor\/","og_locale":"en_GB","og_type":"article","og_title":"Costul de trai, s\u0103n\u0103tatea \u0219i educa\u021bia pe primele locuri \u00een preocup\u0103rile rom\u00e2nilor - Organic Consulting","og_description":"Cre\u0219terea pre\u021burilor, infla\u021bia \u0219i costul de trai, situa\u021bia economic\u0103, s\u0103n\u0103tatea \u0219i educa\u021bia sunt pe primele locuri \u00eentre preocup\u0103rile rom\u00e2nilor la \u00eenceputul lui 2023. Ca urmare a r\u0103zboiului din Ucraina, \u0219i situa\u021bia interna\u021bional\u0103 reprezint\u0103 o preocupare, at\u00e2t din punct de vedere economic, c\u00e2t \u0219i de securitate, arat\u0103 rezultatele sondajului Eurobarometru standard publicat luni de Comisia European\u0103.. [&hellip;]","og_url":"https:\/\/organic-consulting.ro\/en\/costul-de-trai-sanatatea-si-educatia-pe-primele-locuri-in-preocuparile-romanilor\/","og_site_name":"Organic Consulting","article_published_time":"2023-04-03T18:22:40+00:00","article_modified_time":"2023-04-03T18:22:41+00:00","og_image":[{"width":1280,"height":853,"url":"https:\/\/organic-consulting.ro\/wp-content\/uploads\/2023\/04\/oameni-copii.jpg","type":"image\/jpeg"}],"author":"adminoc","twitter_card":"summary_large_image","twitter_misc":{"Written by":"adminoc","Estimated reading time":"3 minutes"},"schema":{"@context":"https:\/\/schema.org","@graph":[{"@type":"Article","@id":"https:\/\/organic-consulting.ro\/costul-de-trai-sanatatea-si-educatia-pe-primele-locuri-in-preocuparile-romanilor\/#article","isPartOf":{"@id":"https:\/\/organic-consulting.ro\/costul-de-trai-sanatatea-si-educatia-pe-primele-locuri-in-preocuparile-romanilor\/"},"author":{"name":"adminoc","@id":"https:\/\/organic-consulting.ro\/#\/schema\/person\/ee7e0dff87f15e1d054674508cdf9e23"},"headline":"Costul de trai, s\u0103n\u0103tatea \u0219i educa\u021bia pe primele locuri \u00een preocup\u0103rile rom\u00e2nilor","datePublished":"2023-04-03T18:22:40+00:00","dateModified":"2023-04-03T18:22:41+00:00","mainEntityOfPage":{"@id":"https:\/\/organic-consulting.ro\/costul-de-trai-sanatatea-si-educatia-pe-primele-locuri-in-preocuparile-romanilor\/"},"wordCount":499,"commentCount":0,"publisher":{"@id":"https:\/\/organic-consulting.ro\/#organization"},"image":{"@id":"https:\/\/organic-consulting.ro\/costul-de-trai-sanatatea-si-educatia-pe-primele-locuri-in-preocuparile-romanilor\/#primaryimage"},"thumbnailUrl":"https:\/\/organic-consulting.ro\/wp-content\/uploads\/2023\/04\/oameni-copii.jpg","keywords":["situa\u021bie economic\u0103","situa\u021bie financiar\u0103"],"articleSection":["Economie"],"inLanguage":"en-GB","potentialAction":[{"@type":"CommentAction","name":"Comment","target":["https:\/\/organic-consulting.ro\/costul-de-trai-sanatatea-si-educatia-pe-primele-locuri-in-preocuparile-romanilor\/#respond"]}]},{"@type":"WebPage","@id":"https:\/\/organic-consulting.ro\/costul-de-trai-sanatatea-si-educatia-pe-primele-locuri-in-preocuparile-romanilor\/","url":"https:\/\/organic-consulting.ro\/costul-de-trai-sanatatea-si-educatia-pe-primele-locuri-in-preocuparile-romanilor\/","name":"Costul de trai, s\u0103n\u0103tatea \u0219i educa\u021bia pe primele locuri \u00een preocup\u0103rile rom\u00e2nilor - Organic Consulting","isPartOf":{"@id":"https:\/\/organic-consulting.ro\/#website"},"primaryImageOfPage":{"@id":"https:\/\/organic-consulting.ro\/costul-de-trai-sanatatea-si-educatia-pe-primele-locuri-in-preocuparile-romanilor\/#primaryimage"},"image":{"@id":"https:\/\/organic-consulting.ro\/costul-de-trai-sanatatea-si-educatia-pe-primele-locuri-in-preocuparile-romanilor\/#primaryimage"},"thumbnailUrl":"https:\/\/organic-consulting.ro\/wp-content\/uploads\/2023\/04\/oameni-copii.jpg","datePublished":"2023-04-03T18:22:40+00:00","dateModified":"2023-04-03T18:22:41+00:00","breadcrumb":{"@id":"https:\/\/organic-consulting.ro\/costul-de-trai-sanatatea-si-educatia-pe-primele-locuri-in-preocuparile-romanilor\/#breadcrumb"},"inLanguage":"en-GB","potentialAction":[{"@type":"ReadAction","target":["https:\/\/organic-consulting.ro\/costul-de-trai-sanatatea-si-educatia-pe-primele-locuri-in-preocuparile-romanilor\/"]}]},{"@type":"ImageObject","inLanguage":"en-GB","@id":"https:\/\/organic-consulting.ro\/costul-de-trai-sanatatea-si-educatia-pe-primele-locuri-in-preocuparile-romanilor\/#primaryimage","url":"https:\/\/organic-consulting.ro\/wp-content\/uploads\/2023\/04\/oameni-copii.jpg","contentUrl":"https:\/\/organic-consulting.ro\/wp-content\/uploads\/2023\/04\/oameni-copii.jpg","width":1280,"height":853,"caption":"pizabay.com"},{"@type":"BreadcrumbList","@id":"https:\/\/organic-consulting.ro\/costul-de-trai-sanatatea-si-educatia-pe-primele-locuri-in-preocuparile-romanilor\/#breadcrumb","itemListElement":[{"@type":"ListItem","position":1,"name":"Prima pagin\u0103","item":"https:\/\/organic-consulting.ro\/"},{"@type":"ListItem","position":2,"name":"Costul de trai, s\u0103n\u0103tatea \u0219i educa\u021bia pe primele locuri \u00een preocup\u0103rile rom\u00e2nilor"}]},{"@type":"WebSite","@id":"https:\/\/organic-consulting.ro\/#website","url":"https:\/\/organic-consulting.ro\/","name":"Organic Consulting","description":"Servicii consultan\u021b\u0103 juridic\u0103 \u0219i financiar\u0103","publisher":{"@id":"https:\/\/organic-consulting.ro\/#organization"},"potentialAction":[{"@type":"SearchAction","target":{"@type":"EntryPoint","urlTemplate":"https:\/\/organic-consulting.ro\/?s={search_term_string}"},"query-input":{"@type":"PropertyValueSpecification","valueRequired":true,"valueName":"search_term_string"}}],"inLanguage":"en-GB"},{"@type":"Organization","@id":"https:\/\/organic-consulting.ro\/#organization","name":"Organic Consulting SRL","url":"https:\/\/organic-consulting.ro\/","logo":{"@type":"ImageObject","inLanguage":"en-GB","@id":"https:\/\/organic-consulting.ro\/#\/schema\/logo\/image\/","url":"https:\/\/organic-consulting.ro\/wp-content\/uploads\/2022\/05\/Organic-Consulting-logo-NEGRU.png","contentUrl":"https:\/\/organic-consulting.ro\/wp-content\/uploads\/2022\/05\/Organic-Consulting-logo-NEGRU.png","width":1131,"height":376,"caption":"Organic Consulting SRL"},"image":{"@id":"https:\/\/organic-consulting.ro\/#\/schema\/logo\/image\/"}},{"@type":"Person","@id":"https:\/\/organic-consulting.ro\/#\/schema\/person\/ee7e0dff87f15e1d054674508cdf9e23","name":"adminoc","image":{"@type":"ImageObject","inLanguage":"en-GB","@id":"https:\/\/secure.gravatar.com\/avatar\/6371a4bebabd3421456d7cb9ef97a962dee8b95b53a2ca7c27feaf353882d2dd?s=96&d=mm&r=g","url":"https:\/\/secure.gravatar.com\/avatar\/6371a4bebabd3421456d7cb9ef97a962dee8b95b53a2ca7c27feaf353882d2dd?s=96&d=mm&r=g","contentUrl":"https:\/\/secure.gravatar.com\/avatar\/6371a4bebabd3421456d7cb9ef97a962dee8b95b53a2ca7c27feaf353882d2dd?s=96&d=mm&r=g","caption":"adminoc"}}]}},"_links":{"self":[{"href":"https:\/\/organic-consulting.ro\/en\/wp-json\/wp\/v2\/posts\/1707","targetHints":{"allow":["GET"]}}],"collection":[{"href":"https:\/\/organic-consulting.ro\/en\/wp-json\/wp\/v2\/posts"}],"about":[{"href":"https:\/\/organic-consulting.ro\/en\/wp-json\/wp\/v2\/types\/post"}],"author":[{"embeddable":true,"href":"https:\/\/organic-consulting.ro\/en\/wp-json\/wp\/v2\/users\/2"}],"replies":[{"embeddable":true,"href":"https:\/\/organic-consulting.ro\/en\/wp-json\/wp\/v2\/comments?post=1707"}],"version-history":[{"count":0,"href":"https:\/\/organic-consulting.ro\/en\/wp-json\/wp\/v2\/posts\/1707\/revisions"}],"wp:featuredmedia":[{"embeddable":true,"href":"https:\/\/organic-consulting.ro\/en\/wp-json\/wp\/v2\/media\/1708"}],"wp:attachment":[{"href":"https:\/\/organic-consulting.ro\/en\/wp-json\/wp\/v2\/media?parent=1707"}],"wp:term":[{"taxonomy":"category","embeddable":true,"href":"https:\/\/organic-consulting.ro\/en\/wp-json\/wp\/v2\/categories?post=1707"},{"taxonomy":"post_tag","embeddable":true,"href":"https:\/\/organic-consulting.ro\/en\/wp-json\/wp\/v2\/tags?post=1707"}],"curies":[{"name":"wp","href":"https:\/\/api.w.org\/{rel}","templated":true}]}}